{"id":10551,"date":"2021-02-19T19:59:51","date_gmt":"2021-02-19T22:59:51","guid":{"rendered":"https:\/\/tvc16.com\/portal\/?p=10551"},"modified":"2021-02-19T19:59:52","modified_gmt":"2021-02-19T22:59:52","slug":"secretaria-de-educacao-recebe-seis-novos-onibus-escolares-os-veiculos-fazem-parte-da-acao-para-renovar-e-reforcar-a-frota-que-faz-o-atendimento-dos-alunos-da-rede-municipal-em-areas-que-sao-considera","status":"publish","type":"post","link":"https:\/\/tvc16.com\/portal\/2021\/02\/19\/secretaria-de-educacao-recebe-seis-novos-onibus-escolares-os-veiculos-fazem-parte-da-acao-para-renovar-e-reforcar-a-frota-que-faz-o-atendimento-dos-alunos-da-rede-municipal-em-areas-que-sao-considera\/","title":{"rendered":"Secretaria de Educa\u00e7\u00e3o recebe seis novos \u00f4nibus escolares. Os ve\u00edculos fazem parte da a\u00e7\u00e3o para renovar e refor\u00e7ar a frota que faz o atendimento dos alunos da rede municipal em \u00e1reas que s\u00e3o consideradas de dif\u00edcil acesso"},"content":{"rendered":"\n<p>Nos pr\u00f3ximos meses, mais 10 ve\u00edculos novos ser\u00e3o entregues \u00e0 Secretaria de Educa\u00e7\u00e3o. Os ve\u00edculos foram adquiridos em 2019, antes da pandemia, a partir da ades\u00e3o \u00e0 ata de compra do Fundo Nacional de Desenvolvimento da Educa\u00e7\u00e3o (FNDE), com verba vinculada. Finalizado o processo, a Educa\u00e7\u00e3o ter\u00e1 \u00e0 disposi\u00e7\u00e3o 50 ve\u00edculos.<\/p>\n\n\n\n<p>A compra dos \u00f4nibus vai gerar uma economia de R$ 5 milh\u00f5es por ano aos cofres p\u00fablicos. Isso porque, com mais ve\u00edculos dispon\u00edveis, vai diminuir o gasto com a contrata\u00e7\u00e3o de transporte para os alunos que vivem em localidades de dif\u00edcil acesso. Todos atendem o padr\u00e3o de acessibilidade, com elevador para cadeirantes e cintos de seguran\u00e7a que atendem o p\u00fablico espec\u00edfico. Os ve\u00edculos t\u00eam capacidade para 35 estudantes e tra\u00e7\u00e3o 4&#215;4.<\/p>\n\n\n\n<p>\u201cO investimento na frota \u00e9 necess\u00e1rio porque a preocupa\u00e7\u00e3o com a seguran\u00e7a e qualidade no atendimento dos alunos \u00e9 prioridade. Esses ve\u00edculos transportam alunos nas localidades conhecidas como \u201cdif\u00edcil acesso&#8221;, nas rotas intituladas \u201cCaminhos da Escola\u201d, explicou a secret\u00e1ria de Educa\u00e7\u00e3o, Marcia Palma.<\/p>\n\n\n\n<figure class=\"wp-block-image size-large\"><img loading=\"lazy\" decoding=\"async\" width=\"1024\" height=\"683\" src=\"https:\/\/tvc16.com\/portal\/wp-content\/uploads\/2021\/02\/IMG-20210219-WA0070-1024x683.jpg\" alt=\"\" class=\"wp-image-10553\" srcset=\"https:\/\/tvc16.com\/portal\/wp-content\/uploads\/2021\/02\/IMG-20210219-WA0070-1024x683.jpg 1024w, https:\/\/tvc16.com\/portal\/wp-content\/uploads\/2021\/02\/IMG-20210219-WA0070-300x200.jpg 300w, https:\/\/tvc16.com\/portal\/wp-content\/uploads\/2021\/02\/IMG-20210219-WA0070-768x512.jpg 768w, https:\/\/tvc16.com\/portal\/wp-content\/uploads\/2021\/02\/IMG-20210219-WA0070-900x600.jpg 900w, https:\/\/tvc16.com\/portal\/wp-content\/uploads\/2021\/02\/IMG-20210219-WA0070.jpg 1280w\" sizes=\"auto, (max-width: 1024px) 100vw, 1024px\" \/><\/figure>\n\n\n\n<p>Os ve\u00edculos poder\u00e3o atuar em rotas no Bonfim, Jac\u00f3, Araras, Tapera, Rocio, Cuiab\u00e1, Vale das Videiras, Secret\u00e1rio, algumas localidades de Itaipava, Estrada Rio-Petr\u00f3polis e Posse. As rotas ainda ser\u00e3o programadas.<\/p>\n","protected":false},"excerpt":{"rendered":"<p>Nos pr\u00f3ximos meses, mais 10 ve\u00edculos novos ser\u00e3o entregues \u00e0 Secretaria de Educa\u00e7\u00e3o. Os ve\u00edculos<\/p>\n","protected":false},"author":2,"featured_media":10552,"comment_status":"open","ping_status":"open","sticky":false,"template":"","format":"standard","meta":{"footnotes":""},"categories":[12],"tags":[],"class_list":["post-10551","post","type-post","status-publish","format-standard","has-post-thumbnail","hentry","category-cidade"],"_links":{"self":[{"href":"https:\/\/tvc16.com\/portal\/wp-json\/wp\/v2\/posts\/10551","targetHints":{"allow":["GET"]}}],"collection":[{"href":"https:\/\/tvc16.com\/portal\/wp-json\/wp\/v2\/posts"}],"about":[{"href":"https:\/\/tvc16.com\/portal\/wp-json\/wp\/v2\/types\/post"}],"author":[{"embeddable":true,"href":"https:\/\/tvc16.com\/portal\/wp-json\/wp\/v2\/users\/2"}],"replies":[{"embeddable":true,"href":"https:\/\/tvc16.com\/portal\/wp-json\/wp\/v2\/comments?post=10551"}],"version-history":[{"count":1,"href":"https:\/\/tvc16.com\/portal\/wp-json\/wp\/v2\/posts\/10551\/revisions"}],"predecessor-version":[{"id":10554,"href":"https:\/\/tvc16.com\/portal\/wp-json\/wp\/v2\/posts\/10551\/revisions\/10554"}],"wp:featuredmedia":[{"embeddable":true,"href":"https:\/\/tvc16.com\/portal\/wp-json\/wp\/v2\/media\/10552"}],"wp:attachment":[{"href":"https:\/\/tvc16.com\/portal\/wp-json\/wp\/v2\/media?parent=10551"}],"wp:term":[{"taxonomy":"category","embeddable":true,"href":"https:\/\/tvc16.com\/portal\/wp-json\/wp\/v2\/categories?post=10551"},{"taxonomy":"post_tag","embeddable":true,"href":"https:\/\/tvc16.com\/portal\/wp-json\/wp\/v2\/tags?post=10551"}],"curies":[{"name":"wp","href":"https:\/\/api.w.org\/{rel}","templated":true}]}}