{"id":10555,"date":"2021-02-19T23:42:20","date_gmt":"2021-02-20T02:42:20","guid":{"rendered":"https:\/\/tvc16.com\/portal\/?p=10555"},"modified":"2021-02-19T23:42:22","modified_gmt":"2021-02-20T02:42:22","slug":"acordo-entre-estado-e-supervia-garante-reajuste-menor-na-nova-tarifa-de-trem-passagem-de-r-5-passara-a-ser-cobrada-a-partir-da-proxima-terca-feira-23","status":"publish","type":"post","link":"https:\/\/tvc16.com\/portal\/2021\/02\/19\/acordo-entre-estado-e-supervia-garante-reajuste-menor-na-nova-tarifa-de-trem-passagem-de-r-5-passara-a-ser-cobrada-a-partir-da-proxima-terca-feira-23\/","title":{"rendered":"Acordo entre Estado e Supervia garante reajuste menor na nova tarifa de trem. Passagem de R$ 5 passar\u00e1 a ser cobrada a partir da pr\u00f3xima ter\u00e7a-feira (23)"},"content":{"rendered":"\n<p><br>O Governo do Estado e a SuperVia assinaram, nesta sexta-feira (19), o acordo que garantiu um reajuste menor na nova tarifa de trem. Com a inclus\u00e3o do\u00a0termo aditivo ao contrato de concess\u00e3o do sistema ferrovi\u00e1rio, o valor da nova tarifa ser\u00e1 de R$ 5 a partir da pr\u00f3xima ter\u00e7a-feira (23\/02). Antes do acordo, a passagem passaria dos atuais R$ 4,70 para R$ 5,90.<\/p>\n\n\n\n<p>O objetivo das&nbsp;negocia\u00e7\u00f5es era definir um reajuste tarif\u00e1rio mais condizente com o atual cen\u00e1rio socioecon\u00f4mico, fortemente atingido pela pandemia do novo coronav\u00edrus, diminuindo o impacto para o usu\u00e1rio. De acordo com o reajuste previsto anualmente no contrato e homologado pela Agetransp em dezembro, a passagem custaria R$ 5,90 a partir de 2 de fevereiro. Ap\u00f3s diversas tratativas, o aumento foi adiado por 20 dias.<\/p>\n","protected":false},"excerpt":{"rendered":"<p>O Governo do Estado e a SuperVia assinaram, nesta sexta-feira (19), o acordo que garantiu<\/p>\n","protected":false},"author":2,"featured_media":10556,"comment_status":"open","ping_status":"open","sticky":false,"template":"","format":"standard","meta":{"footnotes":""},"categories":[17],"tags":[],"class_list":["post-10555","post","type-post","status-publish","format-standard","has-post-thumbnail","hentry","category-outras-noticias"],"_links":{"self":[{"href":"https:\/\/tvc16.com\/portal\/wp-json\/wp\/v2\/posts\/10555","targetHints":{"allow":["GET"]}}],"collection":[{"href":"https:\/\/tvc16.com\/portal\/wp-json\/wp\/v2\/posts"}],"about":[{"href":"https:\/\/tvc16.com\/portal\/wp-json\/wp\/v2\/types\/post"}],"author":[{"embeddable":true,"href":"https:\/\/tvc16.com\/portal\/wp-json\/wp\/v2\/users\/2"}],"replies":[{"embeddable":true,"href":"https:\/\/tvc16.com\/portal\/wp-json\/wp\/v2\/comments?post=10555"}],"version-history":[{"count":1,"href":"https:\/\/tvc16.com\/portal\/wp-json\/wp\/v2\/posts\/10555\/revisions"}],"predecessor-version":[{"id":10557,"href":"https:\/\/tvc16.com\/portal\/wp-json\/wp\/v2\/posts\/10555\/revisions\/10557"}],"wp:featuredmedia":[{"embeddable":true,"href":"https:\/\/tvc16.com\/portal\/wp-json\/wp\/v2\/media\/10556"}],"wp:attachment":[{"href":"https:\/\/tvc16.com\/portal\/wp-json\/wp\/v2\/media?parent=10555"}],"wp:term":[{"taxonomy":"category","embeddable":true,"href":"https:\/\/tvc16.com\/portal\/wp-json\/wp\/v2\/categories?post=10555"},{"taxonomy":"post_tag","embeddable":true,"href":"https:\/\/tvc16.com\/portal\/wp-json\/wp\/v2\/tags?post=10555"}],"curies":[{"name":"wp","href":"https:\/\/api.w.org\/{rel}","templated":true}]}}