{"id":10561,"date":"2021-02-19T23:57:46","date_gmt":"2021-02-20T02:57:46","guid":{"rendered":"https:\/\/tvc16.com\/portal\/?p=10561"},"modified":"2021-02-19T23:57:48","modified_gmt":"2021-02-20T02:57:48","slug":"secretaria-de-meio-ambiente-de-nova-iguacu-faz-vistoria-tecnica-no-rio-guandu","status":"publish","type":"post","link":"https:\/\/tvc16.com\/portal\/2021\/02\/19\/secretaria-de-meio-ambiente-de-nova-iguacu-faz-vistoria-tecnica-no-rio-guandu\/","title":{"rendered":"Secretaria de Meio Ambiente de Nova Igua\u00e7u faz vistoria t\u00e9cnica no Rio Guandu"},"content":{"rendered":"\n<p>Preocupada com a preserva\u00e7\u00e3o ambiental, a qualidade da \u00e1gua e o trabalho dos pescadores, a Secretaria de Meio Ambiente, Agricultura, Desenvolvimento Econ\u00f4mico e Turismo de Nova Igua\u00e7u (SEMADETUR) fez uma vistoria t\u00e9cnica na APA (\u00c1rea de Prote\u00e7\u00e3o Ambiental Guandu A\u00e7u), na \u00faltima quarta-feira (17). O relat\u00f3rio da vistoria ser\u00e1 apresentado na reuni\u00e3o com a Secretaria Estadual de Meio Ambiente, no pr\u00f3ximo dia 22, que tamb\u00e9m ter\u00e1 a participa\u00e7\u00e3o das cidades de Queimados, Serop\u00e9dica e Japeri.&nbsp;&nbsp;<\/p>\n\n\n\n<p>Utilizando o barco motorizado adquirido para a Guarda Ambiental, que vai ajudar no trabalho de fiscaliza\u00e7\u00e3o e monitoramento da APA Guandu A\u00e7u (onde fica a importante Esta\u00e7\u00e3o de Tratamento de \u00c1gua da CEDAE \u2013 a maior do mundo), al\u00e9m de um drone para capturar imagens a\u00e9reas de todo o local, equipes da Secretaria de Meio Ambiente percorreram trecho do Rio Guandu e algumas lagoas, como a Lago\u00e3o e a Quiabal. Um grupo de pescadores da regi\u00e3o acompanhou a vistoria.\u00a0<\/p>\n\n\n\n<figure class=\"wp-block-image size-large\"><img loading=\"lazy\" decoding=\"async\" width=\"1024\" height=\"676\" src=\"https:\/\/tvc16.com\/portal\/wp-content\/uploads\/2021\/02\/20210219_235454-1024x676.jpg\" alt=\"\" class=\"wp-image-10566\" srcset=\"https:\/\/tvc16.com\/portal\/wp-content\/uploads\/2021\/02\/20210219_235454-1024x676.jpg 1024w, https:\/\/tvc16.com\/portal\/wp-content\/uploads\/2021\/02\/20210219_235454-300x198.jpg 300w, https:\/\/tvc16.com\/portal\/wp-content\/uploads\/2021\/02\/20210219_235454-768x507.jpg 768w, https:\/\/tvc16.com\/portal\/wp-content\/uploads\/2021\/02\/20210219_235454.jpg 1039w\" sizes=\"auto, (max-width: 1024px) 100vw, 1024px\" \/><\/figure>\n\n\n\n<p>O ponto mais cr\u00edtico foi o fundo do Lago\u00e3o, que recebe grande parte da polui\u00e7\u00e3o por causa do rompimento dos diques. H\u00e1 o assoreamento do Rio Po\u00e7os e de seu leito, que represa a \u00e1gua e faz press\u00e3o sobre o dique, acumulando polui\u00e7\u00e3o de esgoto.<\/p>\n\n\n\n<p>\u201cO Trabalho de desassoreamento do rio Po\u00e7os \u00e9 fundamental para a melhoria da \u00e1gua do Rio Guandu. Al\u00e9m disto, \u00e9 preciso proteger o arranjo econ\u00f4mico que existe em fun\u00e7\u00e3o do rio, em especial \u00e0s fam\u00edlias que vivem da pesca.&nbsp; Precisamos&nbsp; cuidar do rio&nbsp; e do entorno,&nbsp; em especial&nbsp; do saneamento da bacia do Rio Guandu, para que a \u00e1gua chegue aqui j\u00e1 tratada, sem a contamina\u00e7\u00e3o do esgoto dom\u00e9stico e industrial. Temos um para\u00edso amea\u00e7ado, uma riqueza de fauna e flora que precisa ser preservada e acompanhada. Nossa ideia \u00e9 explorar o turismo nesta regi\u00e3o, pois seu potencial \u00e9 enorme\u201d, afirmou o secret\u00e1rio de Meio Ambiente, Agricultura, Desenvolvimento Econ\u00f4mico e Turismo de Nova Igua\u00e7u, Fernando Cid.<\/p>\n","protected":false},"excerpt":{"rendered":"<p>Preocupada com a preserva\u00e7\u00e3o ambiental, a qualidade da \u00e1gua e o trabalho dos pescadores, a<\/p>\n","protected":false},"author":2,"featured_media":10564,"comment_status":"open","ping_status":"open","sticky":false,"template":"","format":"standard","meta":{"footnotes":""},"categories":[17],"tags":[],"class_list":["post-10561","post","type-post","status-publish","format-standard","has-post-thumbnail","hentry","category-outras-noticias"],"_links":{"self":[{"href":"https:\/\/tvc16.com\/portal\/wp-json\/wp\/v2\/posts\/10561","targetHints":{"allow":["GET"]}}],"collection":[{"href":"https:\/\/tvc16.com\/portal\/wp-json\/wp\/v2\/posts"}],"about":[{"href":"https:\/\/tvc16.com\/portal\/wp-json\/wp\/v2\/types\/post"}],"author":[{"embeddable":true,"href":"https:\/\/tvc16.com\/portal\/wp-json\/wp\/v2\/users\/2"}],"replies":[{"embeddable":true,"href":"https:\/\/tvc16.com\/portal\/wp-json\/wp\/v2\/comments?post=10561"}],"version-history":[{"count":1,"href":"https:\/\/tvc16.com\/portal\/wp-json\/wp\/v2\/posts\/10561\/revisions"}],"predecessor-version":[{"id":10567,"href":"https:\/\/tvc16.com\/portal\/wp-json\/wp\/v2\/posts\/10561\/revisions\/10567"}],"wp:featuredmedia":[{"embeddable":true,"href":"https:\/\/tvc16.com\/portal\/wp-json\/wp\/v2\/media\/10564"}],"wp:attachment":[{"href":"https:\/\/tvc16.com\/portal\/wp-json\/wp\/v2\/media?parent=10561"}],"wp:term":[{"taxonomy":"category","embeddable":true,"href":"https:\/\/tvc16.com\/portal\/wp-json\/wp\/v2\/categories?post=10561"},{"taxonomy":"post_tag","embeddable":true,"href":"https:\/\/tvc16.com\/portal\/wp-json\/wp\/v2\/tags?post=10561"}],"curies":[{"name":"wp","href":"https:\/\/api.w.org\/{rel}","templated":true}]}}