{"id":10573,"date":"2021-02-20T09:27:25","date_gmt":"2021-02-20T12:27:25","guid":{"rendered":"https:\/\/tvc16.com\/portal\/?p=10573"},"modified":"2021-02-20T09:27:27","modified_gmt":"2021-02-20T12:27:27","slug":"deputado-daniel-silveira-segue-preso-camara-decidiu-por-maioria-manter-a-decisao-do-stf","status":"publish","type":"post","link":"https:\/\/tvc16.com\/portal\/2021\/02\/20\/deputado-daniel-silveira-segue-preso-camara-decidiu-por-maioria-manter-a-decisao-do-stf\/","title":{"rendered":"Deputado Daniel Silveira, segue preso. C\u00e2mara, decidiu, por maioria, manter a decis\u00e3o do STF"},"content":{"rendered":"\n<p>&#8220;Temos entre n\u00f3s um deputado que vive a atacar a democracia e as institui\u00e7\u00f5es e transformou o exerc\u00edcio do seu mandato em uma plataforma para propaga\u00e7\u00e3o do discurso do \u00f3dio, de ataques a minorias, de defesa dos golpes de estado e de incita\u00e7\u00e3o \u00e0 viol\u00eancia contra autoridades p\u00fablicas&#8221;, disse. Assim a relatora do caso, resumiu quem \u00e9 o deputado que atacou os ministros do Supremo Tribunal Federal e ainda fez apologia a volta do AI-5.<\/p>\n\n\n\n<p>Por 364 votos a 130, Daniel Silveira tem pris\u00e3o mantida pela C\u00e2mara<\/p>\n\n\n\n<p>C\u00e2mara votou nesta sexta-feira, 19, a pris\u00e3o do deputado Daniel Silveira. A sess\u00e3o come\u00e7ou \u00e0s 17h<\/p>\n\n\n\n<p>Em seu discurso de abertura, na sess\u00e3o plen\u00e1ria, da C\u00e2mara dos Deputados, a relatora do caso, deputada Magda Mofatto, diz que o STF acertou ao prender Daniel Silveira e indicou que o deputado continuasse preso<\/p>\n\n\n\n<p>A sess\u00e3o come\u00e7ou \u00e0s 17h com abertura do presidente da C\u00e2mara dos Deputados, Arthur Lira. Em seguida Daniel Silveira, prestou depoimento, e falou em sua defesa por 15 minutos. O deputado deu a sua vers\u00e3o, pediu desculpas aos brasileiros, deputados e senadores. Em seguida seu advogado falou tamb\u00e9m por 15 minutos e enfatizou que n\u00e3o houve flagrante.<br>A relatora Magda Mofatto (PL-GO), falou por aproximadamente meia hora e votou pela manuten\u00e7\u00e3o da pris\u00e3o.<br>Daniel Silveira teve direito a mais 15 minutos de fala. Seu advogado falou mais uma vez e pediu aos deputados que votassem visando a quest\u00e3o t\u00e9cnica.<\/p>\n\n\n\n<p>A vota\u00e7\u00e3o foi finalizada tr\u00eas horas depois, e com o resultado, por maioria, o deputado Daniel Silveira continua preso.<\/p>\n\n\n\n<p><\/p>\n","protected":false},"excerpt":{"rendered":"<p>&#8220;Temos entre n\u00f3s um deputado que vive a atacar a democracia e as institui\u00e7\u00f5es e<\/p>\n","protected":false},"author":2,"featured_media":10574,"comment_status":"open","ping_status":"open","sticky":false,"template":"","format":"standard","meta":{"footnotes":""},"categories":[12],"tags":[],"class_list":["post-10573","post","type-post","status-publish","format-standard","has-post-thumbnail","hentry","category-cidade"],"_links":{"self":[{"href":"https:\/\/tvc16.com\/portal\/wp-json\/wp\/v2\/posts\/10573","targetHints":{"allow":["GET"]}}],"collection":[{"href":"https:\/\/tvc16.com\/portal\/wp-json\/wp\/v2\/posts"}],"about":[{"href":"https:\/\/tvc16.com\/portal\/wp-json\/wp\/v2\/types\/post"}],"author":[{"embeddable":true,"href":"https:\/\/tvc16.com\/portal\/wp-json\/wp\/v2\/users\/2"}],"replies":[{"embeddable":true,"href":"https:\/\/tvc16.com\/portal\/wp-json\/wp\/v2\/comments?post=10573"}],"version-history":[{"count":1,"href":"https:\/\/tvc16.com\/portal\/wp-json\/wp\/v2\/posts\/10573\/revisions"}],"predecessor-version":[{"id":10575,"href":"https:\/\/tvc16.com\/portal\/wp-json\/wp\/v2\/posts\/10573\/revisions\/10575"}],"wp:featuredmedia":[{"embeddable":true,"href":"https:\/\/tvc16.com\/portal\/wp-json\/wp\/v2\/media\/10574"}],"wp:attachment":[{"href":"https:\/\/tvc16.com\/portal\/wp-json\/wp\/v2\/media?parent=10573"}],"wp:term":[{"taxonomy":"category","embeddable":true,"href":"https:\/\/tvc16.com\/portal\/wp-json\/wp\/v2\/categories?post=10573"},{"taxonomy":"post_tag","embeddable":true,"href":"https:\/\/tvc16.com\/portal\/wp-json\/wp\/v2\/tags?post=10573"}],"curies":[{"name":"wp","href":"https:\/\/api.w.org\/{rel}","templated":true}]}}