{"id":10579,"date":"2021-02-20T22:48:54","date_gmt":"2021-02-21T01:48:54","guid":{"rendered":"https:\/\/tvc16.com\/portal\/?p=10579"},"modified":"2021-02-20T22:48:56","modified_gmt":"2021-02-21T01:48:56","slug":"cartao-merenda-certa-pais-e-ou-responsaveis-devem-ficar-atentos-ao-calendario-de-retirada-dos-cartoes-que-serao-entregues-ja-com-os-r-70-de-credito","status":"publish","type":"post","link":"https:\/\/tvc16.com\/portal\/2021\/02\/20\/cartao-merenda-certa-pais-e-ou-responsaveis-devem-ficar-atentos-ao-calendario-de-retirada-dos-cartoes-que-serao-entregues-ja-com-os-r-70-de-credito\/","title":{"rendered":"Cart\u00e3o Merenda Certa: pais e\/ou respons\u00e1veis devem ficar atentos ao calend\u00e1rio de retirada dos cart\u00f5es, que ser\u00e3o entregues j\u00e1 com os R$ 70 de cr\u00e9dito"},"content":{"rendered":"\n<p>Os novos cart\u00f5es do Merenda Certa, programa municipal criado para garantir o refor\u00e7o alimentar de alunos da rede municipal de ensino durante o per\u00edodo de pandemia, com aulas online, ser\u00e3o entregues \u00e0s fam\u00edlias dos estudantes ao longo desta semana. Os novos cart\u00f5es ser\u00e3o entregues j\u00e1 com o cr\u00e9dito de R$ 70 do benef\u00edcio.<\/p>\n\n\n\n<p>Segundo o prefeito interino Hingo Hammes, o programa ser\u00e1 mantido enquanto houver o ensino remoto, passando por readequa\u00e7\u00e3o (e n\u00e3o extin\u00e7\u00e3o) no momento em que o munic\u00edpio der in\u00edcio ao ensino h\u00edbrido. \u201cEntendemos a import\u00e2ncia do programa para as fam\u00edlias, por isso desde o in\u00edcio garantimos que ele seria mantido. Os cart\u00f5es ser\u00e3o entregues aos pais ou respons\u00e1veis na escola onde o aluno est\u00e1 matriculado a partir desta quarta-feira, seguindo calend\u00e1rio espec\u00edfico que ser\u00e1 divulgado nesta semana, j\u00e1 com os valores creditados. A recarga, no m\u00eas que vem, ser\u00e1 autom\u00e1tica\u201d, avisou.<\/p>\n\n\n\n<p>Secret\u00e1ria Municipal de Educa\u00e7\u00e3o, Marcia Palma lembrou que o contrato com a empresa administradora dos cart\u00f5es terminou em dezembro, por isso, a secretaria precisou abrir, em janeiro, processo para contrata\u00e7\u00e3o de prestadora do servi\u00e7o. \u201cO processo foi conclu\u00eddo e, agora, a empresa trabalha na confec\u00e7\u00e3o dos novos cart\u00f5es. Vamos fazer a distribui\u00e7\u00e3o dos cart\u00f5es \u00e0s escolas conforme a empresa fizer a entrega, come\u00e7ando na quarta-feira (24). \u00c9 importante que os pais ou respons\u00e1veis fiquem atentos ao calend\u00e1rio que ser\u00e1 divulgado durante a semana, observando as datas e hor\u00e1rios para retirada dos cart\u00f5es\u201d, orientou, lembrando que os antigos cart\u00f5es devem ser descartados.<\/p>\n\n\n\n<p>FIQUE ATENTO:<\/p>\n\n\n\n<p>Na quarta-feira (24), os diretores das primeiras escolas estar\u00e3o organizando a entrega. Os pais devem ficar tranquilos: as equipes gestoras comunicar\u00e3o o hor\u00e1rio de entrega do cart\u00e3o de acordo com a turma do aluno, para evitar aglomera\u00e7\u00e3o. As escolas que iniciar\u00e3o a distribui\u00e7\u00e3o no dia 24 s\u00e3o:<\/p>\n\n\n\n<p>E.M.Abelardo de Lamare<\/p>\n\n\n\n<p>E.M.Bataillard<\/p>\n\n\n\n<p>E.M.Leonardo Boff<\/p>\n\n\n\n<p>E.M.Clemente Fernandes<\/p>\n\n\n\n<p>E.M.Dom Pedro de Alc\u00e2ntara<\/p>\n\n\n\n<p>E.M.Duque de Caxias<\/p>\n\n\n\n<p>E.M.Luiz Carlos Soares<\/p>\n\n\n\n<p>E.M.General Heitor Borges<\/p>\n\n\n\n<p>E.M.Jo\u00e3o Kopke<\/p>\n\n\n\n<p>E.M.Odette Fonseca<\/p>\n\n\n\n<p>E.M.Gov. Marcello Alencar<\/p>\n\n\n\n<p>E.M.Joaquim Deister<\/p>\n\n\n\n<p>E.M.Robert Kennedy<\/p>\n\n\n\n<p>E.M.Rotary<\/p>\n\n\n\n<p>E.M.Rosalina Nicolay<\/p>\n\n\n\n<p>E.M.Ed.Esp. Santos Dumont<\/p>\n\n\n\n<p>E.M.Soroptimista<\/p>\n\n\n\n<p>** O calend\u00e1rio com as datas de entregas dos cart\u00f5es dos alunos das demais escolas ser\u00e1 divulgado ao longo da semana.<\/p>\n","protected":false},"excerpt":{"rendered":"<p>Os novos cart\u00f5es do Merenda Certa, programa municipal criado para garantir o refor\u00e7o alimentar de<\/p>\n","protected":false},"author":2,"featured_media":10581,"comment_status":"open","ping_status":"open","sticky":false,"template":"","format":"standard","meta":{"footnotes":""},"categories":[12],"tags":[],"class_list":["post-10579","post","type-post","status-publish","format-standard","has-post-thumbnail","hentry","category-cidade"],"_links":{"self":[{"href":"https:\/\/tvc16.com\/portal\/wp-json\/wp\/v2\/posts\/10579","targetHints":{"allow":["GET"]}}],"collection":[{"href":"https:\/\/tvc16.com\/portal\/wp-json\/wp\/v2\/posts"}],"about":[{"href":"https:\/\/tvc16.com\/portal\/wp-json\/wp\/v2\/types\/post"}],"author":[{"embeddable":true,"href":"https:\/\/tvc16.com\/portal\/wp-json\/wp\/v2\/users\/2"}],"replies":[{"embeddable":true,"href":"https:\/\/tvc16.com\/portal\/wp-json\/wp\/v2\/comments?post=10579"}],"version-history":[{"count":1,"href":"https:\/\/tvc16.com\/portal\/wp-json\/wp\/v2\/posts\/10579\/revisions"}],"predecessor-version":[{"id":10582,"href":"https:\/\/tvc16.com\/portal\/wp-json\/wp\/v2\/posts\/10579\/revisions\/10582"}],"wp:featuredmedia":[{"embeddable":true,"href":"https:\/\/tvc16.com\/portal\/wp-json\/wp\/v2\/media\/10581"}],"wp:attachment":[{"href":"https:\/\/tvc16.com\/portal\/wp-json\/wp\/v2\/media?parent=10579"}],"wp:term":[{"taxonomy":"category","embeddable":true,"href":"https:\/\/tvc16.com\/portal\/wp-json\/wp\/v2\/categories?post=10579"},{"taxonomy":"post_tag","embeddable":true,"href":"https:\/\/tvc16.com\/portal\/wp-json\/wp\/v2\/tags?post=10579"}],"curies":[{"name":"wp","href":"https:\/\/api.w.org\/{rel}","templated":true}]}}