{"id":10583,"date":"2021-02-21T20:22:37","date_gmt":"2021-02-21T23:22:37","guid":{"rendered":"https:\/\/tvc16.com\/portal\/?p=10583"},"modified":"2021-02-21T20:41:55","modified_gmt":"2021-02-21T23:41:55","slug":"madri-uma-cidade-com-inumeras-possibilidades","status":"publish","type":"post","link":"https:\/\/tvc16.com\/portal\/2021\/02\/21\/madri-uma-cidade-com-inumeras-possibilidades\/","title":{"rendered":"MADRI, UMA CIDADE COM IN\u00daMERAS POSSIBILIDADES"},"content":{"rendered":"\n<p>Por Sandra Brito &#8211; professora e escritora<\/p>\n\n\n\n<p>Madri&nbsp;\u00e9 uma cidade energ\u00e9tica conhecida por suas madrugadas, locais hist\u00f3ricos e culin\u00e1ria deliciosa.&nbsp;Por ser a capital da Espanha, tamb\u00e9m h\u00e1 muita hist\u00f3ria e arte aqui, que voc\u00ea pode passar semanas descobrindo.&nbsp;Tamb\u00e9m est\u00e1 repleto de uma bela arquitetura.&nbsp;H\u00e1 uma infinidade de coisas para ver e fazer nesta metr\u00f3pole.<\/p>\n\n\n\n<p>J\u00e1 estive em Madrid v\u00e1rias vezes.&nbsp;\u00c9 um lugar incr\u00edvel, onde pequenas ruas revelam restaurantes e bares escondidos, onde os turistas gostam de come\u00e7ar a noite tarde e sair bem cedo.&nbsp;\u00c9, definitivamente, uma cidade noturna. Para ajud\u00e1-lo a aproveitar ao m\u00e1ximo sua viagem, aqui est\u00e3o minhas atividades favoritas, de museus a passeios gastron\u00f4micos, experi\u00eancias culturais e muito mais.<\/p>\n\n\n\n<h3 class=\"wp-block-heading\"><strong>1. Fa\u00e7a um tour gratuito a p\u00e9<\/strong><\/h3>\n\n\n\n<figure class=\"wp-block-image size-large\"><img loading=\"lazy\" decoding=\"async\" width=\"960\" height=\"720\" src=\"https:\/\/tvc16.com\/portal\/wp-content\/uploads\/2021\/02\/FOTO-1.jpg\" alt=\"\" class=\"wp-image-10590\" srcset=\"https:\/\/tvc16.com\/portal\/wp-content\/uploads\/2021\/02\/FOTO-1.jpg 960w, https:\/\/tvc16.com\/portal\/wp-content\/uploads\/2021\/02\/FOTO-1-300x225.jpg 300w, https:\/\/tvc16.com\/portal\/wp-content\/uploads\/2021\/02\/FOTO-1-768x576.jpg 768w, https:\/\/tvc16.com\/portal\/wp-content\/uploads\/2021\/02\/FOTO-1-200x150.jpg 200w\" sizes=\"auto, (max-width: 960px) 100vw, 960px\" \/><\/figure>\n\n\n\n<p>Adoro fazer passeios a p\u00e9 gratuitos. Eles s\u00e3o uma maneira econ\u00f4mica de ver os principais pontos tur\u00edsticos, aprender um pouco de hist\u00f3ria e sentir a atmosfera da cidade. Voc\u00ea pode ter acesso a um guia local que pode responder a todas as suas perguntas e dar dicas interessantes sobre onde ir e o que fazer. Separe pelo menos um dia de sua viagem para este tipo de programa. Acima, a bel\u00edssima fonte na Plaza de Cibeles.<\/p>\n\n\n\n<p><strong>2. Puerta del Sol<\/strong><\/p>\n\n\n\n<p>A Puerta del Sol \u00e9 um dos locais mais famosos e concorridos da cidade espanhola de Madri. \u00c9 neste local que se encontra desde 1950, o quil\u00f4metro zero das estradas espanholas. O edif\u00edcio mais antigo da Puerta del Sol \u00e9 a Real Casa de Correos e nele destaca-se o rel\u00f3gio da torre que foi constru\u00eddo e doado no s\u00e9c. XIX por Jos\u00e9 Rodriguez de Losada, e que faz tradicionalmente a contagem decrescente para a entrada do novo ano no dia 31 de Dezembro. A Puerta del Sol, al\u00e9m de um local de encontro, \u00e9 tamb\u00e9m um lugar de passagem entre v\u00e1rias zonas de Madri. \u00c9 visita obrigat\u00f3ria para todos os que se deslocam at\u00e9 a capital espanhola.<\/p>\n\n\n\n<p><\/p>\n\n\n\n<figure class=\"wp-block-image size-large\"><img loading=\"lazy\" decoding=\"async\" width=\"960\" height=\"720\" src=\"https:\/\/tvc16.com\/portal\/wp-content\/uploads\/2021\/02\/FOTO-2-1.jpg\" alt=\"\" class=\"wp-image-10591\" srcset=\"https:\/\/tvc16.com\/portal\/wp-content\/uploads\/2021\/02\/FOTO-2-1.jpg 960w, https:\/\/tvc16.com\/portal\/wp-content\/uploads\/2021\/02\/FOTO-2-1-300x225.jpg 300w, https:\/\/tvc16.com\/portal\/wp-content\/uploads\/2021\/02\/FOTO-2-1-768x576.jpg 768w, https:\/\/tvc16.com\/portal\/wp-content\/uploads\/2021\/02\/FOTO-2-1-200x150.jpg 200w\" sizes=\"auto, (max-width: 960px) 100vw, 960px\" \/><\/figure>\n\n\n\n<p><\/p>\n\n\n\n<p>3<strong>. Visite o Pal\u00e1cio Real<\/strong><\/p>\n\n\n\n<p>A constru\u00e7\u00e3o do pal\u00e1cio come\u00e7ou em 1735 e foi o lar dos monarcas da Espanha at\u00e9 a d\u00e9cada de 1930; agora ele \u00e9 usado apenas para fun\u00e7\u00f5es oficiais do estado. Voc\u00ea pode explorar os pr\u00e9dios hist\u00f3ricos e os terrenos por meio de passeios guiados. O pal\u00e1cio tem mais de 3.400 quartos e abrange uma imensid\u00e3o de 1,4 milh\u00e3o de metros quadrados. O interior \u00e9 ricamente decorado com tetos abobadados maci\u00e7os, afrescos, pinturas, murais e entalhes de madeira intrincados.<\/p>\n\n\n\n<p>Pra\u00e7a do Oriente, +34 914 548 700,\u00a0<a rel=\"noreferrer noopener\" target=\"_blank\" href=\"http:\/\/patrimonionacional.es\">patrimonionacional.es<\/a>. Aberto diariamente das 10h \u00e0s 18h (20h no ver\u00e3o). A admiss\u00e3o custa 14 euros.<\/p>\n\n\n\n<p><\/p>\n\n\n\n<figure class=\"wp-block-image size-large\"><img loading=\"lazy\" decoding=\"async\" width=\"960\" height=\"722\" src=\"https:\/\/tvc16.com\/portal\/wp-content\/uploads\/2021\/02\/FOTO-3-1.jpg\" alt=\"\" class=\"wp-image-10592\" srcset=\"https:\/\/tvc16.com\/portal\/wp-content\/uploads\/2021\/02\/FOTO-3-1.jpg 960w, https:\/\/tvc16.com\/portal\/wp-content\/uploads\/2021\/02\/FOTO-3-1-300x226.jpg 300w, https:\/\/tvc16.com\/portal\/wp-content\/uploads\/2021\/02\/FOTO-3-1-768x578.jpg 768w, https:\/\/tvc16.com\/portal\/wp-content\/uploads\/2021\/02\/FOTO-3-1-200x150.jpg 200w\" sizes=\"auto, (max-width: 960px) 100vw, 960px\" \/><\/figure>\n\n\n\n<p><\/p>\n\n\n\n<p><strong>3. Conhe\u00e7a a Catedral de Almudena<\/strong><\/p>\n\n\n\n<figure class=\"wp-block-image size-large\"><img loading=\"lazy\" decoding=\"async\" width=\"1024\" height=\"598\" src=\"https:\/\/tvc16.com\/portal\/wp-content\/uploads\/2021\/02\/FOTO-4-1-1024x598.jpg\" alt=\"\" class=\"wp-image-10593\" srcset=\"https:\/\/tvc16.com\/portal\/wp-content\/uploads\/2021\/02\/FOTO-4-1-1024x598.jpg 1024w, https:\/\/tvc16.com\/portal\/wp-content\/uploads\/2021\/02\/FOTO-4-1-300x175.jpg 300w, https:\/\/tvc16.com\/portal\/wp-content\/uploads\/2021\/02\/FOTO-4-1-768x449.jpg 768w, https:\/\/tvc16.com\/portal\/wp-content\/uploads\/2021\/02\/FOTO-4-1.jpg 1350w\" sizes=\"auto, (max-width: 1024px) 100vw, 1024px\" \/><\/figure>\n\n\n\n<p><\/p>\n\n\n\n<p>Inaugurada em 1993, a Catedral de La Almudena levou mais de cem anos para ser conclu\u00edda e \u00e9 a principal catedral de Madrid.\u00a0Constru\u00eddo no estilo neog\u00f3tico, oferece belas vistas da cidade.<\/p>\n\n\n\n<p>Pra\u00e7a da Almudena, +34 915 422 200,\u00a0<a rel=\"noreferrer noopener\" target=\"_blank\" href=\"http:\/\/catedraldelaalmudena.es\">catedraldelaalmudena.es<\/a>. A entrada \u00e9 gratuita.<\/p>\n\n\n\n<p><\/p>\n\n\n\n<figure class=\"wp-block-image size-large\"><img loading=\"lazy\" decoding=\"async\" width=\"960\" height=\"722\" src=\"https:\/\/tvc16.com\/portal\/wp-content\/uploads\/2021\/02\/FOTO-5-1.jpg\" alt=\"\" class=\"wp-image-10594\" srcset=\"https:\/\/tvc16.com\/portal\/wp-content\/uploads\/2021\/02\/FOTO-5-1.jpg 960w, https:\/\/tvc16.com\/portal\/wp-content\/uploads\/2021\/02\/FOTO-5-1-300x226.jpg 300w, https:\/\/tvc16.com\/portal\/wp-content\/uploads\/2021\/02\/FOTO-5-1-768x578.jpg 768w, https:\/\/tvc16.com\/portal\/wp-content\/uploads\/2021\/02\/FOTO-5-1-200x150.jpg 200w\" sizes=\"auto, (max-width: 960px) 100vw, 960px\" \/><\/figure>\n\n\n\n<h3 class=\"wp-block-heading\"><\/h3>\n\n\n\n<h3 class=\"wp-block-heading\">4.<strong> Relaxe na Plaza Mayor<\/strong><\/h3>\n\n\n\n<p>Datada do s\u00e9culo XV, esta pra\u00e7a \u00e9 o cora\u00e7\u00e3o de Madrid.\u00a0\u00c9 um lugar popular para moradores e turistas se reunirem, comerem ao ar livre e fazerem compras.\u00a0\u00c9 um lugar bastante movimentado e s\u00e3o comuns eventos e shows durante o ver\u00e3o. Imperd\u00edvel!<\/p>\n\n\n\n<p><\/p>\n\n\n\n<figure class=\"wp-block-image size-large\"><img decoding=\"async\" src=\"https:\/\/tvc16.com\/portal\/wp-content\/uploads\/2021\/02\/FOTO-6.jpg\" alt=\"\" class=\"wp-image-10596\"\/><\/figure>\n\n\n\n<h3 class=\"wp-block-heading\"><\/h3>\n\n\n\n<h3 class=\"wp-block-heading\">5<strong>. Fa\u00e7a um tour gastron\u00f4mico<\/strong><\/h3>\n\n\n\n<p>Madrid \u00e9 o sonho para qualquer amante da culin\u00e1ria.\u00a0Se voc\u00ea n\u00e3o souber por onde come\u00e7ar, sugiro fazer um tour gastron\u00f4mico.\u00a0Eu participei do Devour Madrid Food Tour administrado por alguns blogueiros e foi uma experi\u00eancia maravilhosa. Foi informativo, delicioso e absolutamente satisfat\u00f3rio.\u00a0Por um pequeno investimento, voc\u00ea faz um excelente passeio gastron\u00f4mico. Abaixo, uma foto tirada no Mercado de San Miguel.<\/p>\n\n\n\n<p><\/p>\n\n\n\n<figure class=\"wp-block-image size-large\"><img loading=\"lazy\" decoding=\"async\" width=\"960\" height=\"722\" src=\"https:\/\/tvc16.com\/portal\/wp-content\/uploads\/2021\/02\/FOTO-7.jpg\" alt=\"\" class=\"wp-image-10595\" srcset=\"https:\/\/tvc16.com\/portal\/wp-content\/uploads\/2021\/02\/FOTO-7.jpg 960w, https:\/\/tvc16.com\/portal\/wp-content\/uploads\/2021\/02\/FOTO-7-300x226.jpg 300w, https:\/\/tvc16.com\/portal\/wp-content\/uploads\/2021\/02\/FOTO-7-768x578.jpg 768w, https:\/\/tvc16.com\/portal\/wp-content\/uploads\/2021\/02\/FOTO-7-200x150.jpg 200w\" sizes=\"auto, (max-width: 960px) 100vw, 960px\" \/><\/figure>\n\n\n\n<h3 class=\"wp-block-heading\"><\/h3>\n\n\n\n<h3 class=\"wp-block-heading\">6<strong>. Passeie pelo Mercado de San Miguel<\/strong><\/h3>\n\n\n\n<h3 class=\"wp-block-heading\">Este enorme mercado coberto foi inaugurado em 1916. Ele acabou caindo em ru\u00ednas, mas foi recentemente revitalizado com restaurantes incr\u00edveis e barracas de comida. Existem muitos restaurantes e barracas onde se podem encontrar tapas e bebidas a pre\u00e7os acess\u00edveis. \u00c9 um passeio muito popular e econ\u00f4mico.<\/h3>\n\n\n\n<h3 class=\"wp-block-heading\">Plaza de San Miguel, +34 915 424 936,\u00a0<a rel=\"noreferrer noopener\" target=\"_blank\" href=\"http:\/\/mercadodesanmiguel.es\">mercadodesanmiguel.es<\/a>. Aberto diariamente das 10h \u00e0 meia-noite.<\/h3>\n\n\n\n<p><\/p>\n\n\n\n<h3 class=\"wp-block-heading\"><strong>7. Conhe\u00e7a o Monasterio de las Descalzas Reales<\/strong><\/h3>\n\n\n\n<h3 class=\"wp-block-heading\">Constru\u00eddo no s\u00e9culo XVI, o Convento de Las Descalzas Reales foi o antigo pal\u00e1cio do Imperador Carlos V e da Imperatriz Isabel de Portugal. Mulheres nobres solteiras foram convidadas a residir aqui como freiras, trazendo com elas qualquer riqueza que haviam acumulado antes. Hoje, \u00e9 o lar de poucas freiras que cuidam do terreno e de suas rel\u00edquias, que incluem (supostos) peda\u00e7os da cruz de Jesus, bem como os ossos de S\u00e3o Sebasti\u00e3o.<\/h3>\n\n\n\n<p>Plaza de las Descalzas, +34 914 54 88 00,\u00a0<a rel=\"noreferrer noopener\" target=\"_blank\" href=\"http:\/\/patrimonionacional.es\/real-sitio\/monasterio-de-las-descalzas-reales\">patrimonionacional.es\/real-sitio\/monasterio-de-las-descalzas-reales<\/a>. Aberto de segunda a s\u00e1bado das 10h \u00e0s 14h e das 16h \u00e0s 18h30, bem como aos domingos das 10h \u00e0s 15h. A admiss\u00e3o custa 8 EUR.<\/p>\n\n\n\n<p><\/p>\n\n\n\n<figure class=\"wp-block-image size-large\"><img loading=\"lazy\" decoding=\"async\" width=\"700\" height=\"466\" src=\"https:\/\/tvc16.com\/portal\/wp-content\/uploads\/2021\/02\/FOTO-8.jpg\" alt=\"\" class=\"wp-image-10597\" srcset=\"https:\/\/tvc16.com\/portal\/wp-content\/uploads\/2021\/02\/FOTO-8.jpg 700w, https:\/\/tvc16.com\/portal\/wp-content\/uploads\/2021\/02\/FOTO-8-300x200.jpg 300w\" sizes=\"auto, (max-width: 700px) 100vw, 700px\" \/><\/figure>\n\n\n\n<p><\/p>\n\n\n\n<p><strong> 8. Visite o Museu Naval<\/strong><\/p>\n\n\n\n<p>O Museu Naval de Madrid destaca a hist\u00f3ria das capacidades e realiza\u00e7\u00f5es navais hist\u00f3ricas da Espanha. Abrange o s\u00e9culo XV at\u00e9 o presente, com informa\u00e7\u00f5es sobre navios, guerras e col\u00f4nias e como todos eles se relacionavam com a Espanha como pot\u00eancia mundial. O museu possui todos os tipos de mapas e desenhos, al\u00e9m de armas e equipamentos de navega\u00e7\u00e3o. Ele tamb\u00e9m abriga o mapa mais antigo das Am\u00e9ricas, feito no ano de 1500. H\u00e1 uma se\u00e7\u00e3o detalhada sobre a (falhada) Armada Espanhola que tamb\u00e9m achei muito esclarecedora.<\/p>\n\n\n\n<p>Paseo Prado 5, +34 915 238 516. Aberto de ter\u00e7a a domingo, das 10h \u00e0s 19h. A entrada custa 3 euros.<\/p>\n\n\n\n<p><\/p>\n\n\n\n<figure class=\"wp-block-image size-large\"><img loading=\"lazy\" decoding=\"async\" width=\"660\" height=\"335\" src=\"https:\/\/tvc16.com\/portal\/wp-content\/uploads\/2021\/02\/FOTO-9.jpg\" alt=\"\" class=\"wp-image-10598\" srcset=\"https:\/\/tvc16.com\/portal\/wp-content\/uploads\/2021\/02\/FOTO-9.jpg 660w, https:\/\/tvc16.com\/portal\/wp-content\/uploads\/2021\/02\/FOTO-9-300x152.jpg 300w\" sizes=\"auto, (max-width: 660px) 100vw, 660px\" \/><\/figure>\n\n\n\n<h3 class=\"wp-block-heading\"><\/h3>\n\n\n\n<h3 class=\"wp-block-heading\">9<strong>. Passeie pelo Royal Botanical Garden<\/strong><\/h3>\n\n\n\n<figure class=\"wp-block-image size-large\"><img loading=\"lazy\" decoding=\"async\" width=\"1024\" height=\"599\" src=\"https:\/\/tvc16.com\/portal\/wp-content\/uploads\/2021\/02\/FOTO-10-1024x599.jpg\" alt=\"\" class=\"wp-image-10599\" srcset=\"https:\/\/tvc16.com\/portal\/wp-content\/uploads\/2021\/02\/FOTO-10-1024x599.jpg 1024w, https:\/\/tvc16.com\/portal\/wp-content\/uploads\/2021\/02\/FOTO-10-300x176.jpg 300w, https:\/\/tvc16.com\/portal\/wp-content\/uploads\/2021\/02\/FOTO-10-768x449.jpg 768w, https:\/\/tvc16.com\/portal\/wp-content\/uploads\/2021\/02\/FOTO-10.jpg 1350w\" sizes=\"auto, (max-width: 1024px) 100vw, 1024px\" \/><\/figure>\n\n\n\n<p><\/p>\n\n\n\n<p>Fundado em 1755, este parque abriga lagos, labirintos, pra\u00e7as, fontes e muitas flores. Existem cerca de 90.000 plantas aqui e mais de 1.500 \u00e1rvores, bem como estufas, esculturas e alguns jardins imaculados. \u00c9 incrivelmente lindo e sereno.<\/p>\n\n\n\n<p>Plaza de Murillo, +34 914 203 017,&nbsp;<a rel=\"noreferrer noopener\" target=\"_blank\" href=\"http:\/\/rjb.csic.es\/jardinbotanico\">rjb.csic.es\/jardinbotanico<\/a>. Aberto diariamente \u00e0s 10h; fecha entre as 18h e as 21h dependendo da \u00e9poca. A entrada custa 4 euros.<\/p>\n\n\n\n<h3 class=\"wp-block-heading\"><strong>10. Explore o Museu Reina Sofia<\/strong><\/h3>\n\n\n\n<h3 class=\"wp-block-heading\">O Museu Nacional Centro de Arte Reina Sofia abriga a cole\u00e7\u00e3o nacional de arte do s\u00e9culo XX. Possui muitas obras de Pablo Picasso (incluindo \u201cGu\u00e9rnica\u201d), bem como obras de Mir\u00f3, Kandinsky, Dal\u00ed e Bacon. Batizado em homenagem \u00e0 Rainha Sofia, \u00e9 o nono museu de arte mais visitado em todo o mundo!<\/h3>\n\n\n\n<h3 class=\"wp-block-heading\">Calle de Santa Isabel 52, +34 917 741 000,\u00a0<a rel=\"noreferrer noopener\" target=\"_blank\" href=\"http:\/\/museoreinasofia.es\">museoreinasofia.es<\/a>. Aberto diariamente das 10h \u00e0s 18h (os hor\u00e1rios variam no ver\u00e3o e no inverno). A entrada custa 10 euros, mas \u00e9 gr\u00e1tis de 19h \u00e0s 21h \u00e0s segundas, quartas e s\u00e1bados.<\/h3>\n\n\n\n<p><\/p>\n\n\n\n<figure class=\"wp-block-image size-large\"><img loading=\"lazy\" decoding=\"async\" width=\"640\" height=\"425\" src=\"https:\/\/tvc16.com\/portal\/wp-content\/uploads\/2021\/02\/FOTO-11.jpg\" alt=\"\" class=\"wp-image-10600\" srcset=\"https:\/\/tvc16.com\/portal\/wp-content\/uploads\/2021\/02\/FOTO-11.jpg 640w, https:\/\/tvc16.com\/portal\/wp-content\/uploads\/2021\/02\/FOTO-11-300x199.jpg 300w\" sizes=\"auto, (max-width: 640px) 100vw, 640px\" \/><\/figure>\n\n\n\n<h3 class=\"wp-block-heading\"><\/h3>\n\n\n\n<h3 class=\"wp-block-heading\">11<strong>. Relaxe no Parque do Retiro<\/strong><\/h3>\n\n\n\n<h3 class=\"wp-block-heading\">Cobrindo mais de 350 acres, este \u00e9 o principal parque de Madrid. \u00c9 o lugar perfeito para relaxar e descansar em um belo dia. H\u00e1 at\u00e9 um pequeno lago onde voc\u00ea pode alugar um barco a remo. H\u00e1 muito espa\u00e7o verde para piqueniques, trilhas para caminhada e um monumento \u00e0s v\u00edtimas dos atentados terroristas de Madri em 2004. O famoso Pal\u00e1cio de Cristal (\u00e9 feito totalmente de vidro) tamb\u00e9m apresenta uma cole\u00e7\u00e3o girat\u00f3ria de artes pl\u00e1sticas.<\/h3>\n\n\n\n<p><\/p>\n\n\n\n<figure class=\"wp-block-image size-large\"><img loading=\"lazy\" decoding=\"async\" width=\"1024\" height=\"599\" src=\"https:\/\/tvc16.com\/portal\/wp-content\/uploads\/2021\/02\/FOTO-12-1024x599.jpg\" alt=\"\" class=\"wp-image-10601\" srcset=\"https:\/\/tvc16.com\/portal\/wp-content\/uploads\/2021\/02\/FOTO-12-1024x599.jpg 1024w, https:\/\/tvc16.com\/portal\/wp-content\/uploads\/2021\/02\/FOTO-12-300x176.jpg 300w, https:\/\/tvc16.com\/portal\/wp-content\/uploads\/2021\/02\/FOTO-12-768x449.jpg 768w, https:\/\/tvc16.com\/portal\/wp-content\/uploads\/2021\/02\/FOTO-12.jpg 1350w\" sizes=\"auto, (max-width: 1024px) 100vw, 1024px\" \/><\/figure>\n\n\n\n<h3 class=\"wp-block-heading\"><\/h3>\n\n\n\n<h3 class=\"wp-block-heading\">1<strong>2. Visite o Museu do Prado<\/strong><\/h3>\n\n\n\n<p>O Museo Nacional del Prado \u00e9 o terceiro museu mais visitado do mundo. Inaugurado em 1819, possui cerca de 20.000 obras de artistas espanh\u00f3is como El Greco, Vel\u00e1zquez e Goya; Artistas flamengos e holandeses, incluindo Rubens, van Dyck e Brueghel; Mestres italianos como Botticelli, Tintoretto, Ticiano, Caravaggio e Veronese; e artistas alem\u00e3es como D\u00fcrer, Cranach e Baldung Grien. Voc\u00ea tem que visitar este lugar!<\/p>\n\n\n\n<p>Rua Ruiz de Alarc\u00f3n, +34 913 302 800,\u00a0<a rel=\"noreferrer noopener\" target=\"_blank\" href=\"http:\/\/museodelprado.es\">museodelprado.es<\/a>. Aberto de segunda a s\u00e1bado das 10h \u00e0s 20h e aos domingos das 10h \u00e0s 19h. A entrada custa 15 euros; entretanto, a entrada gratuita est\u00e1 dispon\u00edvel de segunda a s\u00e1bado das 17h \u00e0s 20h e aos domingos das 17h \u00e0s 19h.\u00a0<\/p>\n\n\n\n<p><\/p>\n\n\n\n<figure class=\"wp-block-image size-large is-style-rounded\"><img loading=\"lazy\" decoding=\"async\" width=\"960\" height=\"722\" src=\"https:\/\/tvc16.com\/portal\/wp-content\/uploads\/2021\/02\/FOTO-13.jpg\" alt=\"\" class=\"wp-image-10602\" srcset=\"https:\/\/tvc16.com\/portal\/wp-content\/uploads\/2021\/02\/FOTO-13.jpg 960w, https:\/\/tvc16.com\/portal\/wp-content\/uploads\/2021\/02\/FOTO-13-300x226.jpg 300w, https:\/\/tvc16.com\/portal\/wp-content\/uploads\/2021\/02\/FOTO-13-768x578.jpg 768w, https:\/\/tvc16.com\/portal\/wp-content\/uploads\/2021\/02\/FOTO-13-200x150.jpg 200w\" sizes=\"auto, (max-width: 960px) 100vw, 960px\" \/><\/figure>\n\n\n\n<h3 class=\"wp-block-heading\"><\/h3>\n\n\n\n<h3 class=\"wp-block-heading\">1<strong>3. Assista a uma partida de futebol<\/strong><\/h3>\n\n\n\n<p>Os espanh\u00f3is s\u00e3o loucos por futebol. O Real Madrid, time da casa da capital, \u00e9 um dos times mais famosos do mundo. Eles jogam no Est\u00e1dio Santiago Bernab\u00e9u, que tem capacidade para mais de 81.000 pessoas. Os jogos aqui s\u00e3o muito populares e os f\u00e3s os levam muito a s\u00e9rio. Se eles estiverem jogando durante sua visita, certifique-se de assistir a um jogo. \u00c9 uma experi\u00eancia incr\u00edvel! Super recomendo!<\/p>\n\n\n\n<p><\/p>\n\n\n\n<figure class=\"wp-block-image size-large\"><img loading=\"lazy\" decoding=\"async\" width=\"722\" height=\"960\" src=\"https:\/\/tvc16.com\/portal\/wp-content\/uploads\/2021\/02\/FOTO-14.jpg\" alt=\"\" class=\"wp-image-10603\" srcset=\"https:\/\/tvc16.com\/portal\/wp-content\/uploads\/2021\/02\/FOTO-14.jpg 722w, https:\/\/tvc16.com\/portal\/wp-content\/uploads\/2021\/02\/FOTO-14-226x300.jpg 226w\" sizes=\"auto, (max-width: 722px) 100vw, 722px\" \/><\/figure>\n\n\n\n<h3 class=\"wp-block-heading\"><\/h3>\n\n\n\n<h3 class=\"wp-block-heading\">14<strong>. Explore o Museu de Hist\u00f3ria de Madri<\/strong><\/h3>\n\n\n\n<p>O Museu de Hist\u00f3ria de Madrid cobre a evolu\u00e7\u00e3o da cidade desde o s\u00e9culo XVI (quando se tornou a capital) at\u00e9 a Primeira Guerra Mundial. Inaugurado em 1929, destaca o cotidiano ao longo dos tempos. Existem muitos artefatos, mapas, pinturas e esculturas que te dar\u00e3o uma compreens\u00e3o muito mais matizada de Madrid.<\/p>\n\n\n\n<p>Rua Fuencarral, +34 917 011 863,\u00a0<a rel=\"noreferrer noopener\" target=\"_blank\" href=\"http:\/\/madrid.es\/museodehistoria\">madrid.es\/museodehistoria<\/a>. Aberto de ter\u00e7a a domingo, das 10h \u00e0s 20h. A entrada \u00e9 gratuita.<\/p>\n\n\n\n<p><\/p>\n\n\n\n<figure class=\"wp-block-image size-large\"><img loading=\"lazy\" decoding=\"async\" width=\"640\" height=\"425\" src=\"https:\/\/tvc16.com\/portal\/wp-content\/uploads\/2021\/02\/FOTO-15.jpg\" alt=\"\" class=\"wp-image-10604\" srcset=\"https:\/\/tvc16.com\/portal\/wp-content\/uploads\/2021\/02\/FOTO-15.jpg 640w, https:\/\/tvc16.com\/portal\/wp-content\/uploads\/2021\/02\/FOTO-15-300x199.jpg 300w\" sizes=\"auto, (max-width: 640px) 100vw, 640px\" \/><\/figure>\n\n\n\n<h3 class=\"wp-block-heading\"><\/h3>\n\n\n\n<h3 class=\"wp-block-heading\">1<strong>5. Conhe\u00e7a a Plaza de Toros de Las Ventas<\/strong><\/h3>\n\n\n\n<p><strong>Baseada num projeto de Jos\u00e9 Espelius, que morreu antes da conclus\u00e3o das obras, foi terminada por Manuel Mu\u00f1oz Monasterio em 1931 e nesse mesmo ano foi inaugurada. A pra\u00e7a tem capacidade para 23798 espectadores, com uma arena de 60 metros de di\u00e2metro, o que a converte na maior de Espanha, e na terceira pra\u00e7a com mais capacidade do mundo, a seguir \u00e0s pra\u00e7as de touros do M\u00e9xico e da Venezuela.<\/strong><\/p>\n\n\n\n<p>Para conhecer melhor a emblem\u00e1tica pra\u00e7a de touros de Las Ventas, realizam-se visitas tur\u00edsticas di\u00e1rias, exceto nos dias em que haja corridas de touros. A visita guiada \u00e9 acompanhada por um audioguia, dispon\u00edvel em 10 idiomas e inclui uma visita ao Museu Taurino da Comunidade de Madrid, a Puerta de Cuadrillas, a Capela, O Corredor da Enfermaria, o \u201cCallej\u00f3n\u201d e o \u201cRuedo\u201d (arena). A pra\u00e7a tamb\u00e9m pode ser visitada com um guia privado, dispon\u00edvel em espanhol e em ingl\u00eas, franc\u00eas e russo, ou participando nas visitas teatralizadas.<\/p>\n\n\n\n<p><\/p>\n\n\n\n<figure class=\"wp-block-image size-large is-style-rounded\"><img loading=\"lazy\" decoding=\"async\" width=\"722\" height=\"960\" src=\"https:\/\/tvc16.com\/portal\/wp-content\/uploads\/2021\/02\/FOTO-16.jpg\" alt=\"\" class=\"wp-image-10605\" srcset=\"https:\/\/tvc16.com\/portal\/wp-content\/uploads\/2021\/02\/FOTO-16.jpg 722w, https:\/\/tvc16.com\/portal\/wp-content\/uploads\/2021\/02\/FOTO-16-226x300.jpg 226w\" sizes=\"auto, (max-width: 722px) 100vw, 722px\" \/><\/figure>\n\n\n\n<p><\/p>\n\n\n\n<p>E por fim, perca-se nas ruas de Madri! Seria imposs\u00edvel listar todos os cantinhos dessa metr\u00f3pole fant\u00e1stica, mas deixo aqui algumas dicas para sua viagem.<\/p>\n\n\n\n<p>At\u00e9 a pr\u00f3xima!<\/p>\n\n\n\n<figure class=\"wp-block-image size-large is-style-rounded\"><img loading=\"lazy\" decoding=\"async\" width=\"960\" height=\"722\" src=\"https:\/\/tvc16.com\/portal\/wp-content\/uploads\/2021\/02\/FOTO-17.jpg\" alt=\"\" class=\"wp-image-10606\" srcset=\"https:\/\/tvc16.com\/portal\/wp-content\/uploads\/2021\/02\/FOTO-17.jpg 960w, https:\/\/tvc16.com\/portal\/wp-content\/uploads\/2021\/02\/FOTO-17-300x226.jpg 300w, https:\/\/tvc16.com\/portal\/wp-content\/uploads\/2021\/02\/FOTO-17-768x578.jpg 768w, https:\/\/tvc16.com\/portal\/wp-content\/uploads\/2021\/02\/FOTO-17-200x150.jpg 200w\" sizes=\"auto, (max-width: 960px) 100vw, 960px\" \/><\/figure>\n","protected":false},"excerpt":{"rendered":"<p>Por Sandra Brito &#8211; professora e escritora Madri&nbsp;\u00e9 uma cidade energ\u00e9tica conhecida por suas madrugadas,<\/p>\n","protected":false},"author":2,"featured_media":10584,"comment_status":"open","ping_status":"open","sticky":false,"template":"","format":"standard","meta":{"footnotes":""},"categories":[16],"tags":[],"class_list":["post-10583","post","type-post","status-publish","format-standard","has-post-thumbnail","hentry","category-colunistas"],"_links":{"self":[{"href":"https:\/\/tvc16.com\/portal\/wp-json\/wp\/v2\/posts\/10583","targetHints":{"allow":["GET"]}}],"collection":[{"href":"https:\/\/tvc16.com\/portal\/wp-json\/wp\/v2\/posts"}],"about":[{"href":"https:\/\/tvc16.com\/portal\/wp-json\/wp\/v2\/types\/post"}],"author":[{"embeddable":true,"href":"https:\/\/tvc16.com\/portal\/wp-json\/wp\/v2\/users\/2"}],"replies":[{"embeddable":true,"href":"https:\/\/tvc16.com\/portal\/wp-json\/wp\/v2\/comments?post=10583"}],"version-history":[{"count":2,"href":"https:\/\/tvc16.com\/portal\/wp-json\/wp\/v2\/posts\/10583\/revisions"}],"predecessor-version":[{"id":10613,"href":"https:\/\/tvc16.com\/portal\/wp-json\/wp\/v2\/posts\/10583\/revisions\/10613"}],"wp:featuredmedia":[{"embeddable":true,"href":"https:\/\/tvc16.com\/portal\/wp-json\/wp\/v2\/media\/10584"}],"wp:attachment":[{"href":"https:\/\/tvc16.com\/portal\/wp-json\/wp\/v2\/media?parent=10583"}],"wp:term":[{"taxonomy":"category","embeddable":true,"href":"https:\/\/tvc16.com\/portal\/wp-json\/wp\/v2\/categories?post=10583"},{"taxonomy":"post_tag","embeddable":true,"href":"https:\/\/tvc16.com\/portal\/wp-json\/wp\/v2\/tags?post=10583"}],"curies":[{"name":"wp","href":"https:\/\/api.w.org\/{rel}","templated":true}]}}