{"id":10626,"date":"2021-02-22T21:02:32","date_gmt":"2021-02-23T00:02:32","guid":{"rendered":"https:\/\/tvc16.com\/portal\/?p=10626"},"modified":"2021-02-22T21:02:34","modified_gmt":"2021-02-23T00:02:34","slug":"dois-estabelecimentos-sao-intimados-durante-o-choque-de-ordem-por-conta-da-musica-alta","status":"publish","type":"post","link":"https:\/\/tvc16.com\/portal\/2021\/02\/22\/dois-estabelecimentos-sao-intimados-durante-o-choque-de-ordem-por-conta-da-musica-alta\/","title":{"rendered":"Dois estabelecimentos s\u00e3o intimados durante o Choque de Ordem por conta da m\u00fasica alta"},"content":{"rendered":"\n<p>Equipes da Prefeitura, em conjunto com a Pol\u00edcia Militar, deram continuidade a opera\u00e7\u00e3o de Choque de Ordem durante a noite de sexta (19\/02) e madrugada de hoje (20). Dois estabelecimentos, um em Corr\u00eaas e um outro em Itaipava, foram intimados a parar com a m\u00fasica ao vivo, j\u00e1 que essa atividade n\u00e3o est\u00e1 prevista no alvar\u00e1 de funcionamento dos locais, al\u00e9m de n\u00e3o terem o tratamento ac\u00fastico necess\u00e1rio para evitar o inc\u00f4modo aos vizinhos. Um outro bar, tamb\u00e9m em Itaipava, foi multado por ser reincidente nesse mesmo motivo.<\/p>\n\n\n\n<p>\u201cOs estabelecimentos precisam estar de acordo as atividades permitidas em alvar\u00e1 e oferecer a estrutura necess\u00e1ria para n\u00e3o atrapalhar a vizinhan\u00e7a\u201d, explica Hailton Lima, chefe da Divis\u00e3o de Fiscaliza\u00e7\u00e3o de Posturas.<\/p>\n\n\n\n<p>Participaram as equipes de fiscaliza\u00e7\u00e3o da Secretaria de Servi\u00e7os, Seguran\u00e7a e&nbsp;Ordem&nbsp;P\u00fablica (SSOP), Posturas, Vigil\u00e2ncia Sanit\u00e1ria, al\u00e9m da Guarda Civil e da PM. Tamb\u00e9m aconteceu uma ronda pela Rua 13 de Maio, no Centro, Pra\u00e7a da Liberdade, Castel\u00e2nea (Pra\u00e7a Pasteur), Itamarati, Corr\u00eaas e Itaipava.<\/p>\n\n\n\n<p>\u201cO objetivo do Choque de Ordem \u00e9 fazer cumprir os decretos que est\u00e3o regulamentando os bares, restaurantes e demais estabelecimentos.&nbsp;Dessa forma, buscamos frear a dissemina\u00e7\u00e3o da covid-19 na cidade\u201d, afirmou&nbsp;a secret\u00e1ria da SSOP, Karina Bronzo.<\/p>\n\n\n\n<p>A prefeitura refor\u00e7a a import\u00e2ncia de cada pessoa continuar se prevenindo para que a doen\u00e7a continue sendo controlada em Petr\u00f3polis. Isso inclui o uso de m\u00e1scaras, sair de casa s\u00f3 em caso de necessidade e manter o distanciamento.<\/p>\n","protected":false},"excerpt":{"rendered":"<p>Equipes da Prefeitura, em conjunto com a Pol\u00edcia Militar, deram continuidade a opera\u00e7\u00e3o de Choque<\/p>\n","protected":false},"author":2,"featured_media":10627,"comment_status":"open","ping_status":"open","sticky":false,"template":"","format":"standard","meta":{"footnotes":""},"categories":[12],"tags":[],"class_list":["post-10626","post","type-post","status-publish","format-standard","has-post-thumbnail","hentry","category-cidade"],"_links":{"self":[{"href":"https:\/\/tvc16.com\/portal\/wp-json\/wp\/v2\/posts\/10626","targetHints":{"allow":["GET"]}}],"collection":[{"href":"https:\/\/tvc16.com\/portal\/wp-json\/wp\/v2\/posts"}],"about":[{"href":"https:\/\/tvc16.com\/portal\/wp-json\/wp\/v2\/types\/post"}],"author":[{"embeddable":true,"href":"https:\/\/tvc16.com\/portal\/wp-json\/wp\/v2\/users\/2"}],"replies":[{"embeddable":true,"href":"https:\/\/tvc16.com\/portal\/wp-json\/wp\/v2\/comments?post=10626"}],"version-history":[{"count":1,"href":"https:\/\/tvc16.com\/portal\/wp-json\/wp\/v2\/posts\/10626\/revisions"}],"predecessor-version":[{"id":10628,"href":"https:\/\/tvc16.com\/portal\/wp-json\/wp\/v2\/posts\/10626\/revisions\/10628"}],"wp:featuredmedia":[{"embeddable":true,"href":"https:\/\/tvc16.com\/portal\/wp-json\/wp\/v2\/media\/10627"}],"wp:attachment":[{"href":"https:\/\/tvc16.com\/portal\/wp-json\/wp\/v2\/media?parent=10626"}],"wp:term":[{"taxonomy":"category","embeddable":true,"href":"https:\/\/tvc16.com\/portal\/wp-json\/wp\/v2\/categories?post=10626"},{"taxonomy":"post_tag","embeddable":true,"href":"https:\/\/tvc16.com\/portal\/wp-json\/wp\/v2\/tags?post=10626"}],"curies":[{"name":"wp","href":"https:\/\/api.w.org\/{rel}","templated":true}]}}