{"id":10629,"date":"2021-02-22T21:10:33","date_gmt":"2021-02-23T00:10:33","guid":{"rendered":"https:\/\/tvc16.com\/portal\/?p=10629"},"modified":"2021-02-22T21:10:35","modified_gmt":"2021-02-23T00:10:35","slug":"pavilhao-das-viaturas-do-museu-imperial-reabre-amanha-23-ao-publico","status":"publish","type":"post","link":"https:\/\/tvc16.com\/portal\/2021\/02\/22\/pavilhao-das-viaturas-do-museu-imperial-reabre-amanha-23-ao-publico\/","title":{"rendered":"Pavilh\u00e3o das Viaturas do Museu Imperial reabre amanh\u00e3 (23) ao p\u00fablico"},"content":{"rendered":"\n<p>Nesta ter\u00e7a-feira (23) o Pavilh\u00e3o das Viaturas do Museu Imperial ser\u00e1 reaberto ao p\u00fablico. A visita\u00e7\u00e3o \u00e9 gratuita e poder\u00e1 ser feita em grupos de at\u00e9 25 pessoas. Al\u00e9m disso, s\u00f3 poder\u00e3o visitar o local as pessoas que estiverem usando m\u00e1scaras de prote\u00e7\u00e3o individual. A medida visa respeitar as regras de seguran\u00e7a impostas devido \u00e0 pandemia provocada pela covid-19. O espa\u00e7o fica anexo ao Pal\u00e1cio principal, e a visita\u00e7\u00e3o ser\u00e1 de ter\u00e7a a s\u00e1bado das 10h \u00e0s 17h. Vale ressaltar que, o Museu recebeu a doa\u00e7\u00e3o de 40 totens de \u00e1lcool em gel que foram espalhados pelo local. O Pavilh\u00e3o tamb\u00e9m recebeu os equipamentos.<\/p>\n\n\n\n<p>Foto: divulga\u00e7\u00e3o<\/p>\n","protected":false},"excerpt":{"rendered":"<p>Nesta ter\u00e7a-feira (23) o Pavilh\u00e3o das Viaturas do Museu Imperial ser\u00e1 reaberto ao p\u00fablico. A<\/p>\n","protected":false},"author":2,"featured_media":10631,"comment_status":"open","ping_status":"open","sticky":false,"template":"","format":"standard","meta":{"footnotes":""},"categories":[12],"tags":[],"class_list":["post-10629","post","type-post","status-publish","format-standard","has-post-thumbnail","hentry","category-cidade"],"_links":{"self":[{"href":"https:\/\/tvc16.com\/portal\/wp-json\/wp\/v2\/posts\/10629","targetHints":{"allow":["GET"]}}],"collection":[{"href":"https:\/\/tvc16.com\/portal\/wp-json\/wp\/v2\/posts"}],"about":[{"href":"https:\/\/tvc16.com\/portal\/wp-json\/wp\/v2\/types\/post"}],"author":[{"embeddable":true,"href":"https:\/\/tvc16.com\/portal\/wp-json\/wp\/v2\/users\/2"}],"replies":[{"embeddable":true,"href":"https:\/\/tvc16.com\/portal\/wp-json\/wp\/v2\/comments?post=10629"}],"version-history":[{"count":1,"href":"https:\/\/tvc16.com\/portal\/wp-json\/wp\/v2\/posts\/10629\/revisions"}],"predecessor-version":[{"id":10632,"href":"https:\/\/tvc16.com\/portal\/wp-json\/wp\/v2\/posts\/10629\/revisions\/10632"}],"wp:featuredmedia":[{"embeddable":true,"href":"https:\/\/tvc16.com\/portal\/wp-json\/wp\/v2\/media\/10631"}],"wp:attachment":[{"href":"https:\/\/tvc16.com\/portal\/wp-json\/wp\/v2\/media?parent=10629"}],"wp:term":[{"taxonomy":"category","embeddable":true,"href":"https:\/\/tvc16.com\/portal\/wp-json\/wp\/v2\/categories?post=10629"},{"taxonomy":"post_tag","embeddable":true,"href":"https:\/\/tvc16.com\/portal\/wp-json\/wp\/v2\/tags?post=10629"}],"curies":[{"name":"wp","href":"https:\/\/api.w.org\/{rel}","templated":true}]}}