{"id":10633,"date":"2021-02-22T21:12:11","date_gmt":"2021-02-23T00:12:11","guid":{"rendered":"https:\/\/tvc16.com\/portal\/?p=10633"},"modified":"2021-02-22T21:12:13","modified_gmt":"2021-02-23T00:12:13","slug":"mprj-denuncia-e-pede-prisao-preventiva-da-tecnica-de-enfermagem-que-simulou-aplicacao-da-vacina-contra-covid-19-em-niteroi","status":"publish","type":"post","link":"https:\/\/tvc16.com\/portal\/2021\/02\/22\/mprj-denuncia-e-pede-prisao-preventiva-da-tecnica-de-enfermagem-que-simulou-aplicacao-da-vacina-contra-covid-19-em-niteroi\/","title":{"rendered":"MPRJ denuncia e pede pris\u00e3o preventiva da t\u00e9cnica de enfermagem que simulou aplica\u00e7\u00e3o da vacina contra Covid-19 em Niter\u00f3i"},"content":{"rendered":"\n<blockquote class=\"wp-block-quote is-layout-flow wp-block-quote-is-layout-flow\"><p>O\u00a0Minist\u00e9rio P\u00fablico do Estado do Rio de Janeiro (MPRJ), por meio da 2\u00aa Promotoria de Justi\u00e7a de Investiga\u00e7\u00e3o Penal Territorial do n\u00facleo de Niter\u00f3i, ofereceu, na \u00faltima sexta-feira (19\/02), den\u00fancia em face da t\u00e9cnica de enfermagem Rozemary Gomes Pita, com pedido de decreta\u00e7\u00e3o de pris\u00e3o preventiva. Aponta o parquet fluminense que, no dia 12 de fevereiro, em ponto de vacina\u00e7\u00e3o conhecido como &#8216;Drive Thru&#8217;, a denunciada simulou a aplica\u00e7\u00e3o da vacina contra a Covid-19 no idoso Helcio Fran\u00e7a dos Santos, de 90 anos, na medida em que, conforme verificado em v\u00eddeo divulgado nas m\u00eddias, fica n\u00edtido que a mesma n\u00e3o pressionou o \u00eambolo da seringa, tendo deixado de aplicar o imunizante.<\/p><p><br>Ainda segundo o MPRJ, a profissional de sa\u00fade, na manh\u00e3 do mesmo dia 12\/09, no Posto de Vacina\u00e7\u00e3o contra o Coronav\u00edrus, localizado na Rua Alexandre Moura, no bairro de S\u00e3o Domingos, infringiu determina\u00e7\u00e3o do poder p\u00fablico para aplicar a vacina pois, de forma livre e consciente, durante exerc\u00edcio da fun\u00e7\u00e3o p\u00fablica, apropriou-se de medicamento e material hospitalar, tais como, seringa e 0,5 ml do imunizante do Coronav\u00edrus. Registre-se que a coordenadora de Enfermagem da Funda\u00e7\u00e3o Estatal de Sa\u00fade, respons\u00e1vel t\u00e9cnica pelo local, afirmou que a seringa com o imunizante n\u00e3o aplicado no idoso n\u00e3o foi encontrada.<br><\/p><p>O MPRJ fundamenta o pedido de pris\u00e3o pois, tratando-se de uma profissional de sa\u00fade, sua liberdade traz riscos para a ordem p\u00fablica, sendo a cust\u00f3dia cautelar preventiva solicitada a medida necess\u00e1ria para a preven\u00e7\u00e3o do crime narrado, levando-se em conta o risco de reitera\u00e7\u00e3o da pr\u00e1tica criminosa; a periculosidade da agente; a gravidade do delito, em especial para a popula\u00e7\u00e3o de alto risco, neste momento da pandemia; o car\u00e1ter hediondo do crime; a repercuss\u00e3o social do fato; e o elevado clamor social, p\u00fablico e popular.<\/p><p><br>Agindo assim, incidiu a denunciada Rozemary Gomes Pita na conduta t\u00edpica descrita nos artigos 268 (Infringir determina\u00e7\u00e3o do poder p\u00fablico, destinada a impedir introdu\u00e7\u00e3o ou propaga\u00e7\u00e3o de doen\u00e7a contagiosa) e 312 (apropriar-se o funcion\u00e1rio p\u00fablico de dinheiro, valor ou qualquer outro bem m\u00f3vel, p\u00fablico ou particular, de que tem a posse em raz\u00e3o do cargo, ou desvi\u00e1-lo, em proveito pr\u00f3prio ou alheio), caput, na forma do art. 70, todos do C\u00f3digo Penal. Os crimes cometidos s\u00e3o dolosos, sendo o peculato, com pena privativa de liberdade m\u00e1xima superior a quatro anos.<\/p><p>Foto ilustrativa: internet<\/p><\/blockquote>\n","protected":false},"excerpt":{"rendered":"<p>O\u00a0Minist\u00e9rio P\u00fablico do Estado do Rio de Janeiro (MPRJ), por meio da 2\u00aa Promotoria de<\/p>\n","protected":false},"author":2,"featured_media":10634,"comment_status":"open","ping_status":"open","sticky":false,"template":"","format":"standard","meta":{"footnotes":""},"categories":[17],"tags":[],"class_list":["post-10633","post","type-post","status-publish","format-standard","has-post-thumbnail","hentry","category-outras-noticias"],"_links":{"self":[{"href":"https:\/\/tvc16.com\/portal\/wp-json\/wp\/v2\/posts\/10633","targetHints":{"allow":["GET"]}}],"collection":[{"href":"https:\/\/tvc16.com\/portal\/wp-json\/wp\/v2\/posts"}],"about":[{"href":"https:\/\/tvc16.com\/portal\/wp-json\/wp\/v2\/types\/post"}],"author":[{"embeddable":true,"href":"https:\/\/tvc16.com\/portal\/wp-json\/wp\/v2\/users\/2"}],"replies":[{"embeddable":true,"href":"https:\/\/tvc16.com\/portal\/wp-json\/wp\/v2\/comments?post=10633"}],"version-history":[{"count":1,"href":"https:\/\/tvc16.com\/portal\/wp-json\/wp\/v2\/posts\/10633\/revisions"}],"predecessor-version":[{"id":10635,"href":"https:\/\/tvc16.com\/portal\/wp-json\/wp\/v2\/posts\/10633\/revisions\/10635"}],"wp:featuredmedia":[{"embeddable":true,"href":"https:\/\/tvc16.com\/portal\/wp-json\/wp\/v2\/media\/10634"}],"wp:attachment":[{"href":"https:\/\/tvc16.com\/portal\/wp-json\/wp\/v2\/media?parent=10633"}],"wp:term":[{"taxonomy":"category","embeddable":true,"href":"https:\/\/tvc16.com\/portal\/wp-json\/wp\/v2\/categories?post=10633"},{"taxonomy":"post_tag","embeddable":true,"href":"https:\/\/tvc16.com\/portal\/wp-json\/wp\/v2\/tags?post=10633"}],"curies":[{"name":"wp","href":"https:\/\/api.w.org\/{rel}","templated":true}]}}