{"id":10636,"date":"2021-02-22T21:26:56","date_gmt":"2021-02-23T00:26:56","guid":{"rendered":"https:\/\/tvc16.com\/portal\/?p=10636"},"modified":"2021-02-22T21:26:58","modified_gmt":"2021-02-23T00:26:58","slug":"prefeitura-inicia-nesta-quarta-vacinacao-de-idosos-entre-85-e-89-anos","status":"publish","type":"post","link":"https:\/\/tvc16.com\/portal\/2021\/02\/22\/prefeitura-inicia-nesta-quarta-vacinacao-de-idosos-entre-85-e-89-anos\/","title":{"rendered":"Prefeitura inicia nesta quarta vacina\u00e7\u00e3o de idosos entre 85 e 89 anos"},"content":{"rendered":"\n<p>Dando sequ\u00eancia \u00e0 campanha de vacina\u00e7\u00e3o contra a Covid-19, a Secretaria de Sa\u00fade de Petr\u00f3polis inicia nesta quarta-feira (24.02) a aplica\u00e7\u00e3o de vacinas em idosos com idade entre 85 e 89 anos. Aqueles com mais de 90 anos t\u00eam at\u00e9 as 16h desta ter\u00e7a-feira (23.02) para comparecer a um dos pontos de vacina\u00e7\u00e3o que funcionam na UCP da Rua Benjamim Constant, no Centro, e no Parque Municipal, em Itaipava. Nos dois pontos a vacina\u00e7\u00e3o tamb\u00e9m \u00e9 feita pelo sistema drive thru. As equipes da Secretaria de Sa\u00fade est\u00e3o no local das 9h as 16h. A Secretaria de Sa\u00fade estima que Petr\u00f3polis tem 2.600 pessoas na faixa et\u00e1ria, entre 85 e 89 anos. Com a expectativa de maior demanda, a Secretaria de Sa\u00fade amplia, a partir de quarta, os locais de vacina\u00e7\u00e3o com a abertura de novos pontos nas UBSs do Quitandinha e do Itamarati. Para que o idoso seja vacinado \u00e9 necess\u00e1rio preencher o cadastro no site da Prefeitura.<\/p>\n\n\n\n<p>\u201cEstamos vacinando at\u00e9 esta ter\u00e7a-feira (23.02) idosos com 90 anos ou mais. E a partir de quarta (24.02) iniciaremos a aplica\u00e7\u00e3o em pessoas com idade entre 85 e 89 anos. Temos trabalhado para que a cidade receba mais vacinas, pois a amplia\u00e7\u00e3o para as demais faixas et\u00e1rias depende da chegada de mais doses\u201d explica o prefeito interino Hingo Hammes, lembrando que, no caso das duas faixas et\u00e1rias, \u00e9 necess\u00e1rio cadastrar o idoso que ir\u00e1 receber a vacina, antes de ir ao ponto de vacina\u00e7\u00e3o.<\/p>\n\n\n\n<p>O cadastro deve ser feito no site da prefeitura (www.petropolis.rj.gov.br). E o procedimento \u00e9 simples, basta clicar no banner da vacina\u00e7\u00e3o, que aparece no destaque do site, e escolher a op\u00e7\u00e3o de cadastramento. A partir da\u00ed, \u00e9 s\u00f3 seguir o passo a passo. Importante estar atento a escolha da faixa et\u00e1ria no momento do cadastro pois h\u00e1 uma p\u00e1gina para cadastramento de idosos com mais de 90 anos e outra p\u00e1gina para o cadastramento de idosos com idade entre 85 a 89 anos.<\/p>\n\n\n\n<p>\u201c\u00c9 importante que as pessoas fa\u00e7am o cadastro para evitarmos que haja aglomera\u00e7\u00f5es nos pontos de vacina\u00e7\u00e3o. Tudo est\u00e1 sendo planejado para que a vacina\u00e7\u00e3o continue sendo feita de forma tranquila. Tamb\u00e9m \u00e9 fundamental que as pessoas saibam n\u00e3o precisam correr aos pontos de vacina\u00e7\u00e3o, pois temos vacinas suficientes para atender toda popula\u00e7\u00e3o das faixas et\u00e1rias estabelecidas, entre 85 e 89 anos e acima dos 90 anos\u201d pontua o secret\u00e1rio de Sa\u00fade Alo\u00edsio Barbosa Filho. A Secretaria de Sa\u00fade orienta ainda que as fam\u00edlias estejam atentas ao cadastramento para evitar que um mesmo idoso seja cadastrado mais de uma vez no sistema.&nbsp;&nbsp;<\/p>\n\n\n\n<p>Com a amplia\u00e7\u00e3o da vacina\u00e7\u00e3o, a Secretaria de Sa\u00fade ir\u00e1 agendar por dia o atendimento de 150 pessoas em cada um dos dois pontos de drive thru (Centro e Itaipava) e 100 idosos por dia em cada uma das UBSs (Quitandinha e Itamarati). A vacina\u00e7\u00e3o para a faixa et\u00e1ria entre 85 e 89 anos ser\u00e1 realizada at\u00e9 o dia 6 de mar\u00e7o. Para ser vacinado, \u00e9 necess\u00e1rio fazer o agendamento no site da prefeitura e comparecer ao local com identidade, cart\u00e3o de vacina e comprovante de resid\u00eancia.<\/p>\n\n\n\n<p>Pessoas que testaram positivo para a Covid-19 nos \u00faltimos 30 dias ou que estejam com sintomas n\u00e3o poder\u00e3o ser vacinados neste momento. Por isso, devem aguardar e depois se apresentar em um dos postos de vacina\u00e7\u00e3o.O primeiro lote de vacinas chegou a cidade no dia 19 de janeiro. At\u00e9 o \u00faltimo s\u00e1bado, 8.353 pessoas j\u00e1 haviam recebido a primeira dose da vacina, e 3.410 completaram o ciclo de vacina\u00e7\u00e3o, tendo recebido tamb\u00e9m a segunda dose do imunizante.\u00a0 No primeiro momento foram vacinados profissionais de Sa\u00fade, idosos com mais de 60 anos que vivem em Institui\u00e7\u00f5es de Longa Perman\u00eancia, e deficientes institucionalizados com mais de 18 anos. A chegada de novos lotes permitiu ainda a amplia\u00e7\u00e3o da vacina\u00e7\u00e3o para pacientes acamados com mais de 60 anos, idosos com mais de 90 anos e agora para a popula\u00e7\u00e3o de 85 a 89 anos.<\/p>\n\n\n\n<p>Foto: divulga\u00e7\u00e3o<\/p>\n","protected":false},"excerpt":{"rendered":"<p>Dando sequ\u00eancia \u00e0 campanha de vacina\u00e7\u00e3o contra a Covid-19, a Secretaria de Sa\u00fade de Petr\u00f3polis<\/p>\n","protected":false},"author":2,"featured_media":10637,"comment_status":"open","ping_status":"open","sticky":false,"template":"","format":"standard","meta":{"footnotes":""},"categories":[12],"tags":[],"class_list":["post-10636","post","type-post","status-publish","format-standard","has-post-thumbnail","hentry","category-cidade"],"_links":{"self":[{"href":"https:\/\/tvc16.com\/portal\/wp-json\/wp\/v2\/posts\/10636","targetHints":{"allow":["GET"]}}],"collection":[{"href":"https:\/\/tvc16.com\/portal\/wp-json\/wp\/v2\/posts"}],"about":[{"href":"https:\/\/tvc16.com\/portal\/wp-json\/wp\/v2\/types\/post"}],"author":[{"embeddable":true,"href":"https:\/\/tvc16.com\/portal\/wp-json\/wp\/v2\/users\/2"}],"replies":[{"embeddable":true,"href":"https:\/\/tvc16.com\/portal\/wp-json\/wp\/v2\/comments?post=10636"}],"version-history":[{"count":1,"href":"https:\/\/tvc16.com\/portal\/wp-json\/wp\/v2\/posts\/10636\/revisions"}],"predecessor-version":[{"id":10638,"href":"https:\/\/tvc16.com\/portal\/wp-json\/wp\/v2\/posts\/10636\/revisions\/10638"}],"wp:featuredmedia":[{"embeddable":true,"href":"https:\/\/tvc16.com\/portal\/wp-json\/wp\/v2\/media\/10637"}],"wp:attachment":[{"href":"https:\/\/tvc16.com\/portal\/wp-json\/wp\/v2\/media?parent=10636"}],"wp:term":[{"taxonomy":"category","embeddable":true,"href":"https:\/\/tvc16.com\/portal\/wp-json\/wp\/v2\/categories?post=10636"},{"taxonomy":"post_tag","embeddable":true,"href":"https:\/\/tvc16.com\/portal\/wp-json\/wp\/v2\/tags?post=10636"}],"curies":[{"name":"wp","href":"https:\/\/api.w.org\/{rel}","templated":true}]}}