{"id":10642,"date":"2021-02-22T21:30:35","date_gmt":"2021-02-23T00:30:35","guid":{"rendered":"https:\/\/tvc16.com\/portal\/?p=10642"},"modified":"2021-02-22T21:30:37","modified_gmt":"2021-02-23T00:30:37","slug":"mprj-instaura-inquerito-civil-para-apurar-possivel-ato-de-improbidade-administrativa-por-desvio-de-doses-da-vacinacao-contra-a-covid-19-no-hospital-estadual-azevedo-lima","status":"publish","type":"post","link":"https:\/\/tvc16.com\/portal\/2021\/02\/22\/mprj-instaura-inquerito-civil-para-apurar-possivel-ato-de-improbidade-administrativa-por-desvio-de-doses-da-vacinacao-contra-a-covid-19-no-hospital-estadual-azevedo-lima\/","title":{"rendered":"MPRJ instaura Inqu\u00e9rito Civil para apurar poss\u00edvel ato de improbidade administrativa por desvio de doses da vacina\u00e7\u00e3o contra a COVID-19 no Hospital Estadual Azevedo Lima"},"content":{"rendered":"\n<p>O Minist\u00e9rio P\u00fablico do Estado do Rio de Janeiro (MPRJ), por meio da 2\u00aa Promotoria de Justi\u00e7a de Tutela Coletiva da Sa\u00fade da Regi\u00e3o Metropolitana II, instaurou nesta segunda-feira (22\/02) um Inqu\u00e9rito Civil para apurar poss\u00edvel ato de improbidade administrativa, em raz\u00e3o do suposto desvio de doses da vacina contra a COVID-19 para aplica\u00e7\u00e3o em grupos n\u00e3o priorit\u00e1rios, por parte do Hospital Estadual Azevedo Lima e da Organiza\u00e7\u00e3o Social Instituto S\u00f3crates Guanaes, respons\u00e1vel pela administra\u00e7\u00e3o da unidade.<br>A Portaria de instaura\u00e7\u00e3o do Inqu\u00e9rito Civil ressalta que a 2\u00aa Promotoria de Justi\u00e7a de Tutela Coletiva da Sa\u00fade da Regi\u00e3o Metropolitana II tomou conhecimento, por interm\u00e9dio da imprensa, de suposta ocorr\u00eancia de desvio de doses da vacina no Hospital para familiares de um dirigente, que n\u00e3o pertencem ao grupo priorit\u00e1rio de vacina\u00e7\u00e3o. O texto observa que a autoridade policial que conduz a investiga\u00e7\u00e3o confirmou den\u00fancia recebida pelo Conselho Regional de Enfermagem apontando que dois enteados de Rog\u00e9rio Casimiro, diretor t\u00e9cnico do hospital, teriam sido imunizados na unidade. Os registros de vacina\u00e7\u00e3o qualificaram a enteada como \u201cestagi\u00e1ria em sa\u00fade\u201d e o enteado como \u201cacad\u00eamico de Medicina\u201d.<br>\u201cAs informa\u00e7\u00f5es apontam para a inobserv\u00e2ncia, por parte dos agentes p\u00fablicos, das prioridades estabelecidas pelo plano de imuniza\u00e7\u00e3o, mediante a viola\u00e7\u00e3o dos princ\u00edpios da impessoalidade e da moralidade administrativa. Necess\u00e1rio se faz apurar os fatos tendo em vista que a utiliza\u00e7\u00e3o do cargo para \u2018furar\u2019 a fila de vacina\u00e7\u00e3o, de modo intencional, caracteriza a pr\u00e1tica do ato de improbidade administrativa previsto no art. 11 da Lei n\u00ba 8.429\/92, j\u00e1 que estaria o agente se beneficiando do m\u00fanus p\u00fablico fora dos crit\u00e9rios estabelecidos pelos entes p\u00fablicos\u201d, destaca um trecho da Portaria.<\/p>\n\n\n\n<p>Foto: Monalisa Souza<\/p>\n","protected":false},"excerpt":{"rendered":"<p>O Minist\u00e9rio P\u00fablico do Estado do Rio de Janeiro (MPRJ), por meio da 2\u00aa Promotoria<\/p>\n","protected":false},"author":2,"featured_media":10643,"comment_status":"open","ping_status":"open","sticky":false,"template":"","format":"standard","meta":{"footnotes":""},"categories":[17],"tags":[],"class_list":["post-10642","post","type-post","status-publish","format-standard","has-post-thumbnail","hentry","category-outras-noticias"],"_links":{"self":[{"href":"https:\/\/tvc16.com\/portal\/wp-json\/wp\/v2\/posts\/10642","targetHints":{"allow":["GET"]}}],"collection":[{"href":"https:\/\/tvc16.com\/portal\/wp-json\/wp\/v2\/posts"}],"about":[{"href":"https:\/\/tvc16.com\/portal\/wp-json\/wp\/v2\/types\/post"}],"author":[{"embeddable":true,"href":"https:\/\/tvc16.com\/portal\/wp-json\/wp\/v2\/users\/2"}],"replies":[{"embeddable":true,"href":"https:\/\/tvc16.com\/portal\/wp-json\/wp\/v2\/comments?post=10642"}],"version-history":[{"count":1,"href":"https:\/\/tvc16.com\/portal\/wp-json\/wp\/v2\/posts\/10642\/revisions"}],"predecessor-version":[{"id":10644,"href":"https:\/\/tvc16.com\/portal\/wp-json\/wp\/v2\/posts\/10642\/revisions\/10644"}],"wp:featuredmedia":[{"embeddable":true,"href":"https:\/\/tvc16.com\/portal\/wp-json\/wp\/v2\/media\/10643"}],"wp:attachment":[{"href":"https:\/\/tvc16.com\/portal\/wp-json\/wp\/v2\/media?parent=10642"}],"wp:term":[{"taxonomy":"category","embeddable":true,"href":"https:\/\/tvc16.com\/portal\/wp-json\/wp\/v2\/categories?post=10642"},{"taxonomy":"post_tag","embeddable":true,"href":"https:\/\/tvc16.com\/portal\/wp-json\/wp\/v2\/tags?post=10642"}],"curies":[{"name":"wp","href":"https:\/\/api.w.org\/{rel}","templated":true}]}}