{"id":10648,"date":"2021-02-22T21:38:18","date_gmt":"2021-02-23T00:38:18","guid":{"rendered":"https:\/\/tvc16.com\/portal\/?p=10648"},"modified":"2021-02-22T23:17:15","modified_gmt":"2021-02-23T02:17:15","slug":"producao-agroecologica-sera-debatida-na-alerj","status":"publish","type":"post","link":"https:\/\/tvc16.com\/portal\/2021\/02\/22\/producao-agroecologica-sera-debatida-na-alerj\/","title":{"rendered":"Produ\u00e7\u00e3o agroecol\u00f3gica ser\u00e1 debatida na Alerj"},"content":{"rendered":"\n<p>A Assembleia Legislativa do Estado do Rio (ALERJ) realiza nesta quinta-feira (25), \u00e0s 10h, a primeira reuni\u00e3o da Frente Parlamentar em Defesa da Agroecologia, presidida pela deputada M\u00f4nica Francisco (Psol).<\/p>\n\n\n\n<p>Entre os objetivos, est\u00e1 analisar como fazer frente aos retrocessos impostos pelo agroneg\u00f3cio e ao despejo de subst\u00e2ncias agrot\u00f3xicas no mercado brasileiro, assim como o combate \u00e0 fome.<\/p>\n\n\n\n<p>Foram convidados para o encontro produtores agroecol\u00f3gicos, rurais e urbanas, representa\u00e7\u00f5es de movimentos do setor, dirigente do Movimento dos Pequenos Agricultores e etc.<\/p>\n\n\n\n<p>\u201cA produ\u00e7\u00e3o agroecol\u00f3gica, geralmente tocada por mulheres e fam\u00edlias, \u00e9 respons\u00e1vel por colocar alimentos na mesa de milhares de pessoas. Precisamos achar sa\u00eddas para fortalecer este setor em nosso estado\u201d, disse a parlamentar.<\/p>\n\n\n\n<p>O debate ser\u00e1 por meios digitais ter\u00e1 transmiss\u00e3o pelas redes sociais da presidente da Frente, M\u00f4nica Francisco.<\/p>\n\n\n\n<p>Foto: Alerj<\/p>\n","protected":false},"excerpt":{"rendered":"<p>A Assembleia Legislativa do Estado do Rio (ALERJ) realiza nesta quinta-feira (25), \u00e0s 10h, a<\/p>\n","protected":false},"author":2,"featured_media":10660,"comment_status":"open","ping_status":"open","sticky":false,"template":"","format":"standard","meta":{"footnotes":""},"categories":[17],"tags":[],"class_list":["post-10648","post","type-post","status-publish","format-standard","has-post-thumbnail","hentry","category-outras-noticias"],"_links":{"self":[{"href":"https:\/\/tvc16.com\/portal\/wp-json\/wp\/v2\/posts\/10648","targetHints":{"allow":["GET"]}}],"collection":[{"href":"https:\/\/tvc16.com\/portal\/wp-json\/wp\/v2\/posts"}],"about":[{"href":"https:\/\/tvc16.com\/portal\/wp-json\/wp\/v2\/types\/post"}],"author":[{"embeddable":true,"href":"https:\/\/tvc16.com\/portal\/wp-json\/wp\/v2\/users\/2"}],"replies":[{"embeddable":true,"href":"https:\/\/tvc16.com\/portal\/wp-json\/wp\/v2\/comments?post=10648"}],"version-history":[{"count":1,"href":"https:\/\/tvc16.com\/portal\/wp-json\/wp\/v2\/posts\/10648\/revisions"}],"predecessor-version":[{"id":10650,"href":"https:\/\/tvc16.com\/portal\/wp-json\/wp\/v2\/posts\/10648\/revisions\/10650"}],"wp:featuredmedia":[{"embeddable":true,"href":"https:\/\/tvc16.com\/portal\/wp-json\/wp\/v2\/media\/10660"}],"wp:attachment":[{"href":"https:\/\/tvc16.com\/portal\/wp-json\/wp\/v2\/media?parent=10648"}],"wp:term":[{"taxonomy":"category","embeddable":true,"href":"https:\/\/tvc16.com\/portal\/wp-json\/wp\/v2\/categories?post=10648"},{"taxonomy":"post_tag","embeddable":true,"href":"https:\/\/tvc16.com\/portal\/wp-json\/wp\/v2\/tags?post=10648"}],"curies":[{"name":"wp","href":"https:\/\/api.w.org\/{rel}","templated":true}]}}