{"id":10651,"date":"2021-02-22T21:40:47","date_gmt":"2021-02-23T00:40:47","guid":{"rendered":"https:\/\/tvc16.com\/portal\/?p=10651"},"modified":"2021-02-22T21:40:50","modified_gmt":"2021-02-23T00:40:50","slug":"8-festival-de-esquetes-de-petropolis-traz-oficinas-e-espetaculos-gratuitos-ate-domingo","status":"publish","type":"post","link":"https:\/\/tvc16.com\/portal\/2021\/02\/22\/8-festival-de-esquetes-de-petropolis-traz-oficinas-e-espetaculos-gratuitos-ate-domingo\/","title":{"rendered":"8\u00b0 Festival de Esquetes de Petr\u00f3polis traz oficinas e espet\u00e1culos gratuitos at\u00e9 domingo"},"content":{"rendered":"\n<p>O tradicional FEESPE, Festival de Esquetes de Petr\u00f3polis, deu in\u00edcio nesta segunda-feira (22), a mais uma edi\u00e7\u00e3o da programa\u00e7\u00e3o que j\u00e1 faz parte do cotidiano art\u00edstico no munic\u00edpio. O evento em 2021, acontece gra\u00e7as ao incentivo da Lei Aldir Blanc, com sete dias de programa\u00e7\u00e3o que contempla oficinas, espet\u00e1culos e rodas de conversas. Ao todo, ser\u00e3o mais de cem profissionais envolvidos na arte do teatro, que v\u00e3o dividir suas produ\u00e7\u00f5es e conhecimentos, em transmiss\u00f5es completamente gratuitas pelo Zoom e Youtube.\u00a0<\/p>\n\n\n\n<p><br>&#8220;A pandemia mostrou que poder\u00edamos e dever\u00edamos continuar propagando arte da forma que nos fosse poss\u00edvel. A internet se apresentou como ferramenta potencial, para que nossa voz e movimento reverberem por tantos locais aos quais ficavam restritos. Temos atrav\u00e9s dessa possibilidade, uma forma de integra\u00e7\u00e3o e tamb\u00e9m de compartilhar tanto conhecimento, com agentes da cultura envolvidos com o teatro em tantos locais do Brasil&#8221;, explica Rodolfo Medeiros, idealizador do Festival.<\/p>\n\n\n\n<p><br>O evento teve in\u00edcio com a oficina &#8220;A Alquimia na performance do ator&#8221; com Joice Marino, seguido por uma s\u00e9rie de esquetes durante a noite e uma roda de conversa. Assuntos como &#8220;o teatro como ferramenta de inclus\u00e3o social&#8221;, &#8220;a invisibilidade do negro na arte&#8221;, &#8220;linguagens teatrais&#8221;, dentre outros temas, tamb\u00e9m ser\u00e3o tratados durante os encontros.\u00a0<\/p>\n\n\n\n<p><br>Est\u00e3o envolvidos no evento, diversos profissionais que atuam na cidade imperial e tamb\u00e9m de outros estados, como Minas Gerais, Rio de Janeiro, Bahia e S\u00e3o Paulo. O evento conta ainda com programa\u00e7\u00f5es que contemplam segmentos art\u00edsticos como o da m\u00fasica e dan\u00e7a.\u00a0<\/p>\n\n\n\n<p><br>&#8220;Nos preocupamos em trazer m\u00faltiplas vertentes dentro de um s\u00f3 festival. O teatro \u00e9 uma arte que integra, agrega e traz consigo outras tantas. E ele re\u00fane consigo segmentos como a m\u00fasica, dan\u00e7a, circo e outros. Por isso, a import\u00e2ncia de agregar aos agentes culturais que tamb\u00e9m colaboram neste processo conosco&#8221;, pontua Rodolfo.<\/p>\n\n\n\n<p><br><strong>CRONOGRAMA 8\u00b0FEESPE\u00a0<\/strong><\/p>\n\n\n\n<p><br>23 de fevereiro de 2021\u00a0\u00a0\u2022 Oficina \u201cA alquimia na performance do ator&#8221;, com Joice Marino de 10h \u00e0s 11:30, na plataforma Zoom.\u2022 Apresenta\u00e7\u00e3o do Espet\u00e1culo \u201cImprovisos na Quarentena\u201d Grupo de Teatro da Melhor Idade, \u00e0s 19h ,no youtube.\u2022 Apresenta\u00e7\u00e3o da\u00a0 Esquete \u201cSe Viv\u00eassemos em um Lugar Normal\u201d, \u00e0s 20h, no youtube.\u2022 Realiza\u00e7\u00e3o da roda de conversa. Tema \u201cTeatro com ferramenta de inclus\u00e3o social\u201d \u00e0s 20:30, plataforma Zoom e transmiss\u00e3o pelo youtube.<\/p>\n\n\n\n<p><br>24 de fevereiro de 2021\u00a0\u00a0\u2022 Oficina \u201cRa\u00edzes do movimento\u201d Com Fernanda Dias de 10h \u00e0s 13h, plataforma Zoom.\u2022 Apresenta\u00e7\u00e3o do Espet\u00e1culo \u201cCasa das Margaridas&#8221; Grupo Povo do Cafund\u00f3, \u00e0s 19h no youtube.\u2022 Apresenta\u00e7\u00e3o da Esquete \u201cMacacos\u201d, \u00e0s 20h no youtube.\u2022 Realiza\u00e7\u00e3o da roda de conversa. Tema \u201cA invisibilidade do negro na arte\u201d \u00e0s 20:30, plataforma Zoom e transmiss\u00e3o pelo youtube.<\/p>\n\n\n\n<p><br>25 de fevereiro de 2021\u00a0\u00a0<\/p>\n\n\n\n<p>\u2022 Oficina \u201cRa\u00edzes do movimento\u201d Com Fernanda Dias de 10h \u00e0s 12h, plataforma Zoom.\u2022 Apresenta\u00e7\u00e3o do Espet\u00e1culo \u201cLa\u00e7os\u201d \u00e0s 19h, no youtube.\u2022 Apresenta\u00e7\u00e3o da\u00a0 Esquete \u201c\u00c9 menino\u201d ,\u00e0s 20h, no youtube.\u2022 Realiza\u00e7\u00e3o da roda de conversa. Tema \u201cTeatro e G\u00eanero: do palco a plat\u00e9ia\u201d \u00e0s 20:30, plataforma Zoom e transmiss\u00e3o pelo youtube.26 de fevereiro de 2021\u00a0\u00a0\u2022 Oficina \u201cTeatro a partir do m\u00ednimo: linguagens teatrais\u201d Com Sidney Carneiro de 15h \u00e0s 17h, plataforma Zoom.\u2022 Apresenta\u00e7\u00e3o do Espet\u00e1culo \u201cCoisas Tais\u201d CIA Entre Mares \u00e0s 19h ,no youtube.\u2022 Apresenta\u00e7\u00e3o da Esquete \u201cO Rei, o povo e o Buf\u00e3o\u201d \u00e0s 20h, no youtube.\u2022 Realiza\u00e7\u00e3o da roda de conversa. Tema \u201cUtiliza\u00e7\u00e3o da linguagem n\u00e3o verbal para muito dizer&#8230;\u201d \u00e0s 20:30, plataforma Zoom e transmiss\u00e3o pelo youtube.<br><\/p>\n\n\n\n<p>27 de fevereiro de 2021\u00a0<\/p>\n\n\n\n<p>\u2022 Oficina \u201cA sabedoria do corpo\u201d Com Silvia Marques de 10h \u00e0s 12h, plataforma Zoom.\u2022 Apresenta\u00e7\u00e3o do Espet\u00e1culo \u201cJorge, O Santo Guerreiro\u201d Satura Companhia de Teatro \u00e0s 18h, no youtube.\u2022 Apresenta\u00e7\u00e3o da Esquete \u201cPastora do Lix\u00e3o&#8221;, \u00e0s 20h no youtube.\u2022 Realiza\u00e7\u00e3o da roda de conversa. Tema \u201cTeatralidades: modos de fazer em qualquer circunst\u00e2ncia&#8221; \u00e0s 20:30, na plataforma Zoom e transmiss\u00e3o pelo youtube.<\/p>\n\n\n\n<p><br>28 de fevereiro de 2021<\/p>\n\n\n\n<p>\u2022 Oficina \u201cMulheres em cena &#8211; Caminhos para constru\u00e7\u00f5es autorais\u201d Com Ana Cecilia Reis de 10h \u00e0s 12h, plataforma Zoom.\u2022 Apresenta\u00e7\u00e3o do Espet\u00e1culo \u201cContos de Grimm\u201d Coletivo Foco de Teatro, \u00e0s 16h, no youtube.\u2022 Apresenta\u00e7\u00e3o da\u00a0 Esquete \u201cPanchito Gonzales&#8221;, \u00e0s 20h,no youtube.\u2022 Realiza\u00e7\u00e3o da roda de conversa. Tema \u201cTeatro como ferramenta pol\u00edtica&#8221; \u00e0s 20:30, plataforma Zoom e transmiss\u00e3o pelo youtube.<\/p>\n","protected":false},"excerpt":{"rendered":"<p>O tradicional FEESPE, Festival de Esquetes de Petr\u00f3polis, deu in\u00edcio nesta segunda-feira (22), a mais<\/p>\n","protected":false},"author":2,"featured_media":10652,"comment_status":"open","ping_status":"open","sticky":false,"template":"","format":"standard","meta":{"footnotes":""},"categories":[12],"tags":[],"class_list":["post-10651","post","type-post","status-publish","format-standard","has-post-thumbnail","hentry","category-cidade"],"_links":{"self":[{"href":"https:\/\/tvc16.com\/portal\/wp-json\/wp\/v2\/posts\/10651","targetHints":{"allow":["GET"]}}],"collection":[{"href":"https:\/\/tvc16.com\/portal\/wp-json\/wp\/v2\/posts"}],"about":[{"href":"https:\/\/tvc16.com\/portal\/wp-json\/wp\/v2\/types\/post"}],"author":[{"embeddable":true,"href":"https:\/\/tvc16.com\/portal\/wp-json\/wp\/v2\/users\/2"}],"replies":[{"embeddable":true,"href":"https:\/\/tvc16.com\/portal\/wp-json\/wp\/v2\/comments?post=10651"}],"version-history":[{"count":1,"href":"https:\/\/tvc16.com\/portal\/wp-json\/wp\/v2\/posts\/10651\/revisions"}],"predecessor-version":[{"id":10653,"href":"https:\/\/tvc16.com\/portal\/wp-json\/wp\/v2\/posts\/10651\/revisions\/10653"}],"wp:featuredmedia":[{"embeddable":true,"href":"https:\/\/tvc16.com\/portal\/wp-json\/wp\/v2\/media\/10652"}],"wp:attachment":[{"href":"https:\/\/tvc16.com\/portal\/wp-json\/wp\/v2\/media?parent=10651"}],"wp:term":[{"taxonomy":"category","embeddable":true,"href":"https:\/\/tvc16.com\/portal\/wp-json\/wp\/v2\/categories?post=10651"},{"taxonomy":"post_tag","embeddable":true,"href":"https:\/\/tvc16.com\/portal\/wp-json\/wp\/v2\/tags?post=10651"}],"curies":[{"name":"wp","href":"https:\/\/api.w.org\/{rel}","templated":true}]}}