{"id":10657,"date":"2021-02-22T21:45:35","date_gmt":"2021-02-23T00:45:35","guid":{"rendered":"https:\/\/tvc16.com\/portal\/?p=10657"},"modified":"2021-02-22T21:45:38","modified_gmt":"2021-02-23T00:45:38","slug":"mais-seis-pessoas-morrem-de-covid-19-em-petropolis-2","status":"publish","type":"post","link":"https:\/\/tvc16.com\/portal\/2021\/02\/22\/mais-seis-pessoas-morrem-de-covid-19-em-petropolis-2\/","title":{"rendered":"Mais seis pessoas morrem de Covid-19 em Petr\u00f3polis"},"content":{"rendered":"\n<p>O boletim epidemiol\u00f3gico da Secretaria de Sa\u00fade desta segunda-feira (22\/02) mostrou que mais seis pessoas morreram de covid-19, em Petr\u00f3polis. A cidade fez, at\u00e9 agora,121.933 testes para Covid-19, com 19.555 resultados positivos e 93.538 negativos (levando em considera\u00e7\u00e3o testes r\u00e1pidos e Swab).<\/p>\n\n\n\n<p>Neste momento, 69 pessoas est\u00e3o internadas em leitos de UTI privados e pelo SUS. Outras 68 est\u00e3o em leitos cl\u00ednicos, considerando leitos privados e SUS, totalizando assim, 137 interna\u00e7\u00f5es em toda a rede da cidade. A ocupa\u00e7\u00e3o de leitos cl\u00ednicos pelo SUS \u00e9 de 54,55% e de 48,94% em leitos de UTI.<\/p>\n\n\n\n<p>A Secretaria de Sa\u00fade esclarece que o n\u00famero de \u00f3bitos, hoje em 541, \u00e9 atualizado nos boletins apenas ap\u00f3s o registro do atestado de \u00f3bito e do resultado do exame do paciente no sistema da Vigil\u00e2ncia Epidemiol\u00f3gica, o que \u00e9 feito por equipe administrativa. Trata-se de medida de seguran\u00e7a para evitar erro na informa\u00e7\u00e3o divulgada pela Secretaria de Sa\u00fade.<\/p>\n\n\n\n<p>Acrescenta, ainda, que trabalha na atualiza\u00e7\u00e3o de dados de notifica\u00e7\u00f5es e casos em an\u00e1lise no sistema, inserindo dados n\u00e3o lan\u00e7ados no fim do ano. \u00c9 poss\u00edvel acompanhar a evolu\u00e7\u00e3o dos casos no portal da transpar\u00eancia do coronav\u00edrus, no site da Prefeitura (www.petropolis.gov.br)<\/p>\n\n\n\n<p><strong>Rela\u00e7\u00e3o de \u00f3bitos:<\/strong><\/p>\n\n\n\n<p>1-&nbsp;&nbsp;&nbsp;&nbsp;&nbsp;&nbsp;&nbsp; Homem, 79 anos, morador do Retiro. Internado em 20.12.20 na UPA Itaipava e transferido no dia 07.01.21 para o HNSA. \u00d3bito registrado no dia 08.01.21. paciente tinha Miocardiopatia Isqu\u00eamica<\/p>\n\n\n\n<p>2-&nbsp;&nbsp;&nbsp;&nbsp;&nbsp;&nbsp;&nbsp; Homem, 35 anos, morador do Centro. Internado no dia 03.02.21 no Hospital Unimed. \u00d3bito Registrado no dia 20.02.21. Paciente tinha doen\u00e7a neurol\u00f3gica cr\u00f4nica&nbsp;<\/p>\n\n\n\n<p>3-&nbsp;&nbsp;&nbsp;&nbsp;&nbsp;&nbsp;&nbsp; Homem, 60 anos, morador do Alto da Serra. Internado em 13.02.21 no HAC e transferido para o HMNSE no dia 17.02.21. \u00d3bito registrado em 21.02.21. Paciente tinha doen\u00e7a Card\u00edaca cr\u00f4nica, hipertens\u00e3o Arterial e Diabetes<\/p>\n\n\n\n<p>4-&nbsp;&nbsp;&nbsp;&nbsp;&nbsp;&nbsp;&nbsp; Mulher, 63 anos, moradora do Carangola. Internada no dia 11.02.21 na UPA-Cascatinha e transferida no dia 12.02.21 para o HNSA. \u00d3bito registrado em 17.02.21. Paciente tinha Hipertens\u00e3o Arterial e Diabetes.<\/p>\n\n\n\n<p>5-&nbsp;&nbsp;&nbsp;&nbsp;&nbsp;&nbsp;&nbsp; Homem, 54 anos, morador do Valpara\u00edso. Internado no dia 19.01.21, no HMNSE e transferido para o HCC no dia 31.01.21. \u00d3bito registrado em 20.02.21. Paciente tinha Imunossupress\u00e3o e fibrose pulmonar<\/p>\n\n\n\n<p>6-&nbsp;&nbsp;&nbsp;&nbsp;&nbsp;&nbsp;&nbsp; Mulher, 70 anos, moradora do Morin. Internada em 02.02.21, na UPA Cascatinha e transferida para o SMH. \u00d3bito registrado no dia 21.02.21 no SMH. Paciente tinha Hipertens\u00e3o Arterial e doen\u00e7a cardiovascular cr\u00f4nica.<\/p>\n","protected":false},"excerpt":{"rendered":"<p>O boletim epidemiol\u00f3gico da Secretaria de Sa\u00fade desta segunda-feira (22\/02) mostrou que mais seis pessoas<\/p>\n","protected":false},"author":2,"featured_media":10658,"comment_status":"open","ping_status":"open","sticky":false,"template":"","format":"standard","meta":{"footnotes":""},"categories":[12],"tags":[],"class_list":["post-10657","post","type-post","status-publish","format-standard","has-post-thumbnail","hentry","category-cidade"],"_links":{"self":[{"href":"https:\/\/tvc16.com\/portal\/wp-json\/wp\/v2\/posts\/10657","targetHints":{"allow":["GET"]}}],"collection":[{"href":"https:\/\/tvc16.com\/portal\/wp-json\/wp\/v2\/posts"}],"about":[{"href":"https:\/\/tvc16.com\/portal\/wp-json\/wp\/v2\/types\/post"}],"author":[{"embeddable":true,"href":"https:\/\/tvc16.com\/portal\/wp-json\/wp\/v2\/users\/2"}],"replies":[{"embeddable":true,"href":"https:\/\/tvc16.com\/portal\/wp-json\/wp\/v2\/comments?post=10657"}],"version-history":[{"count":1,"href":"https:\/\/tvc16.com\/portal\/wp-json\/wp\/v2\/posts\/10657\/revisions"}],"predecessor-version":[{"id":10659,"href":"https:\/\/tvc16.com\/portal\/wp-json\/wp\/v2\/posts\/10657\/revisions\/10659"}],"wp:featuredmedia":[{"embeddable":true,"href":"https:\/\/tvc16.com\/portal\/wp-json\/wp\/v2\/media\/10658"}],"wp:attachment":[{"href":"https:\/\/tvc16.com\/portal\/wp-json\/wp\/v2\/media?parent=10657"}],"wp:term":[{"taxonomy":"category","embeddable":true,"href":"https:\/\/tvc16.com\/portal\/wp-json\/wp\/v2\/categories?post=10657"},{"taxonomy":"post_tag","embeddable":true,"href":"https:\/\/tvc16.com\/portal\/wp-json\/wp\/v2\/tags?post=10657"}],"curies":[{"name":"wp","href":"https:\/\/api.w.org\/{rel}","templated":true}]}}