{"id":10665,"date":"2021-02-23T19:13:45","date_gmt":"2021-02-23T22:13:45","guid":{"rendered":"https:\/\/tvc16.com\/portal\/?p=10665"},"modified":"2021-02-23T19:13:47","modified_gmt":"2021-02-23T22:13:47","slug":"nova-iguacu-tera-oficina-de-libras-para-profissionais-da-educacao","status":"publish","type":"post","link":"https:\/\/tvc16.com\/portal\/2021\/02\/23\/nova-iguacu-tera-oficina-de-libras-para-profissionais-da-educacao\/","title":{"rendered":"Nova Igua\u00e7u ter\u00e1 Oficina de Libras para Profissionais da Educa\u00e7\u00e3o"},"content":{"rendered":"\n<p><br>A Secretaria Municipal de Educa\u00e7\u00e3o de Nova Igua\u00e7u (SEMED) segue qualificando os profissionais da rede. A Casa do Professor vai promover a Oficina B\u00e1sica de Libras On-line. A capacita\u00e7\u00e3o \u00e9 para Profissionais da Educa\u00e7\u00e3o que trabalhem em uma das 141 escolas municipais. Somente 20 vagas ser\u00e3o disponibilizadas: os interessados dever\u00e3o se inscrever nesta quarta-feira (24) acessando o link\u00a0<a rel=\"noreferrer noopener\" target=\"_blank\" href=\"https:\/\/forms.gle\/Dp5ivGBjaWzA2VuX8\">https:\/\/forms.gle\/Dp5ivGBjaWzA2VuX8<\/a>.<br>Os profissionais ser\u00e3o selecionados por ordem de inscri\u00e7\u00e3o.<\/p>\n\n\n\n<p>A capacita\u00e7\u00e3o acontecer\u00e1 ao longo do m\u00eas de mar\u00e7o e ter\u00e1 duas turmas: uma turma nas tardes das ter\u00e7as-feiras (14h \u00e0s 16h) e outra, nas manh\u00e3s das quartas-feiras (9h \u00e0s 11h). A carga hor\u00e1ria \u00e9 de 12 horas. No ato da inscri\u00e7\u00e3o, o profissional dever\u00e1 escolher o dia em que deseja frequentar a oficina. Quem for selecionado e n\u00e3o participar da primeira aula, perder\u00e1 o direito \u00e0 vaga e ser\u00e1 chamado o pr\u00f3ximo inscrito.<br>A oficina consiste em transmitir conhecimentos b\u00e1sicos acerca da L\u00edngua Brasileira de Sinais. O objetivo principal \u00e9, portanto, que o p\u00fablico consiga manifestar diversas formas de comunica\u00e7\u00e3o utilizando a Libras. A capacita\u00e7\u00e3o ser\u00e1 ministrada pela int\u00e9rprete de Libras Ana Paula Dias Tostis. Ao final, os participantes receber\u00e3o certificado.<\/p>\n\n\n\n<p><strong>Servi\u00e7o:<br>Oficina B\u00e1sica de Libras On-line<br>Inscri\u00e7\u00e3o:<\/strong>&nbsp;24 de fevereiro<br><strong>N\u00famero de vagas:<\/strong>&nbsp;20 (dez por turma)<br><strong>Turma 1 (ter\u00e7as-feiras):<\/strong>&nbsp;&nbsp;02, 09, 16, 23 e 30 de mar\u00e7o.<br><strong>Hor\u00e1rio:<\/strong>&nbsp;14h \u00e0s 16h<br><strong>Turma 2 (quartas-feiras):<\/strong>&nbsp;03, 10, 17, 24 &nbsp;e 31 de mar\u00e7o<br><strong>Hor\u00e1rio:<\/strong>&nbsp;de 9h \u00e0s 11h<br><strong>Carga hor\u00e1ria:<\/strong>&nbsp;12 horas<\/p>\n","protected":false},"excerpt":{"rendered":"<p>A Secretaria Municipal de Educa\u00e7\u00e3o de Nova Igua\u00e7u (SEMED) segue qualificando os profissionais da rede.<\/p>\n","protected":false},"author":2,"featured_media":10666,"comment_status":"open","ping_status":"open","sticky":false,"template":"","format":"standard","meta":{"footnotes":""},"categories":[17],"tags":[],"class_list":["post-10665","post","type-post","status-publish","format-standard","has-post-thumbnail","hentry","category-outras-noticias"],"_links":{"self":[{"href":"https:\/\/tvc16.com\/portal\/wp-json\/wp\/v2\/posts\/10665","targetHints":{"allow":["GET"]}}],"collection":[{"href":"https:\/\/tvc16.com\/portal\/wp-json\/wp\/v2\/posts"}],"about":[{"href":"https:\/\/tvc16.com\/portal\/wp-json\/wp\/v2\/types\/post"}],"author":[{"embeddable":true,"href":"https:\/\/tvc16.com\/portal\/wp-json\/wp\/v2\/users\/2"}],"replies":[{"embeddable":true,"href":"https:\/\/tvc16.com\/portal\/wp-json\/wp\/v2\/comments?post=10665"}],"version-history":[{"count":1,"href":"https:\/\/tvc16.com\/portal\/wp-json\/wp\/v2\/posts\/10665\/revisions"}],"predecessor-version":[{"id":10667,"href":"https:\/\/tvc16.com\/portal\/wp-json\/wp\/v2\/posts\/10665\/revisions\/10667"}],"wp:featuredmedia":[{"embeddable":true,"href":"https:\/\/tvc16.com\/portal\/wp-json\/wp\/v2\/media\/10666"}],"wp:attachment":[{"href":"https:\/\/tvc16.com\/portal\/wp-json\/wp\/v2\/media?parent=10665"}],"wp:term":[{"taxonomy":"category","embeddable":true,"href":"https:\/\/tvc16.com\/portal\/wp-json\/wp\/v2\/categories?post=10665"},{"taxonomy":"post_tag","embeddable":true,"href":"https:\/\/tvc16.com\/portal\/wp-json\/wp\/v2\/tags?post=10665"}],"curies":[{"name":"wp","href":"https:\/\/api.w.org\/{rel}","templated":true}]}}