{"id":10668,"date":"2021-02-23T22:35:05","date_gmt":"2021-02-24T01:35:05","guid":{"rendered":"https:\/\/tvc16.com\/portal\/?p=10668"},"modified":"2021-02-23T22:35:09","modified_gmt":"2021-02-24T01:35:09","slug":"secretaria-municipal-de-educacao-confirmou-a-relacao-de-escolas-que-distribuirao-aos-seus-alunos-nesta-quarta-24-e-quinta-feira-25-os-novos-cartoes-do-programa-merenda-certa","status":"publish","type":"post","link":"https:\/\/tvc16.com\/portal\/2021\/02\/23\/secretaria-municipal-de-educacao-confirmou-a-relacao-de-escolas-que-distribuirao-aos-seus-alunos-nesta-quarta-24-e-quinta-feira-25-os-novos-cartoes-do-programa-merenda-certa\/","title":{"rendered":"Secretaria Municipal de Educa\u00e7\u00e3o confirmou a rela\u00e7\u00e3o de escolas que distribuir\u00e3o aos seus alunos, nesta quarta (24) e quinta-feira (25), os novos cart\u00f5es do programa Merenda Certa"},"content":{"rendered":"\n<p>Criado para garantir o refor\u00e7o alimentar de alunos da rede municipal de ensino durante o per\u00edodo de pandemia, com aulas online, os novos cart\u00f5es ser\u00e3o distribu\u00eddos aos pais e\/ou respons\u00e1veis na escola onde o estudante est\u00e1 matriculado, e ser\u00e3o entregues seguindo calend\u00e1rio espec\u00edfico. As datas de entrega dos demais cart\u00f5es a alunos das escolas ainda n\u00e3o listadas ser\u00e3o anunciadas nos pr\u00f3ximos dias, conforme a empresa contratada entregar os cart\u00f5es ao Munic\u00edpio. Os cart\u00f5es ser\u00e3o entregues j\u00e1 com o cr\u00e9dito de R$ 70 referente ao m\u00eas de fevereiro.<\/p>\n\n\n\n<p>O prefeito interino Hingo Hammes pediu que os pais e\/ou respons\u00e1veis fiquem atentos ao calend\u00e1rio para retirada dos cart\u00f5es e garantiu que, em mar\u00e7o, a recarga ser\u00e1 autom\u00e1tica. \u201cEntendemos a import\u00e2ncia do programa para as fam\u00edlias, por isso desde o in\u00edcio garantimos que ele seria mantido\u201d, lembrou, frisando que o programa ser\u00e1 mantido enquanto houver o ensino remoto, podendo passar por readequa\u00e7\u00e3o (e n\u00e3o extin\u00e7\u00e3o) no momento em que o munic\u00edpio der in\u00edcio ao ensino h\u00edbrido.<\/p>\n\n\n\n<p>A secret\u00e1ria de Educa\u00e7\u00e3o, Marcia Palma, explicou que o contrato com a empresa administradora dos cart\u00f5es terminou em dezembro, por isso, a secretaria precisou abrir, em janeiro, processo para contrata\u00e7\u00e3o de prestadora do servi\u00e7o. \u201cO processo foi conclu\u00eddo e, agora, a empresa trabalha na confec\u00e7\u00e3o dos novos cart\u00f5es. Estamos fazendo a distribui\u00e7\u00e3o dos cart\u00f5es \u00e0s escolas conforme a empresa faz a entrega, come\u00e7ando nesta quarta-feira (24). \u00c9 importante que os pais ou respons\u00e1veis fiquem atentos ao calend\u00e1rio, observando as datas e hor\u00e1rios para retirada dos cart\u00f5es\u201d, orientou, lembrando que os antigos cart\u00f5es devem ser descartados e que alunos matriculados ap\u00f3s 15 de fevereiro na rede municipal de ensino receber\u00e3o os cart\u00f5es posteriormente, na segunda remessa.<\/p>\n\n\n\n<p>Confira o calend\u00e1rio:<\/p>\n\n\n\n<ul class=\"wp-block-list\"><li>Nesta quarta-feira (24) e quinta-feira (25), os diretores das primeiras escolas a distribuir os cart\u00f5es estar\u00e3o organizando a entrega. As equipes gestoras comunicar\u00e3o o hor\u00e1rio de entrega do cart\u00e3o de acordo com a turma do aluno, para evitar aglomera\u00e7\u00e3o.<\/li><\/ul>\n\n\n\n<p>As seguintes escolas far\u00e3o a distribui\u00e7\u00e3o dos cart\u00f5es na quarta-feira, dia 24:<br>E.M.Abelardo de Lamare<br>E.M.Bataillard<br>E.M.Leonardo Boff<br>E.M.Clemente Fernandes<br>E.M.Dom Pedro de Alc\u00e2ntara<br>E.M.Duque de Caxias<br>E.M.Luiz Carlos Soares<br>E.M.General Heitor Borges<br>E.M.Jo\u00e3o Kopke<br>E.M.Odette Fonseca<br>E.M.Gov. Marcello Alencar<br>E.M.Joaquim Deister<br>E.M.Robert Kennedy<br>E.M.Rotary<br>E.M.Rosalina Nicolay<br>E.M.Ed.Esp. Santos Dumont<br>E.M.Soroptimista<\/p>\n\n\n\n<p>As seguintes escolas far\u00e3o a distribui\u00e7\u00e3o dos cart\u00f5es na quinta-feira, dia 25:<br>E.M.Major J\u00falio Frederico Koeler<br>E.M.Marieta Gon\u00e7alves<br>E.M.Odette Young Monteiro<br>E.M.F\u00e1brica do Saber<br>E.M.Antonio Leite Garcia<br>E.M. Prof. Paulo Monte<br>E.M. Rosemira de Oliveira Cavalcanti<br>E.M.Am\u00e9lia Antunes Rabello<br>E.M.Augusto Pugnaloni<br>E.M.Celina Schechener<br>E.M.Darcy Correa da Veiga<br>E.M.Paula Buarque<br>E.M.Dr.Theodoro Machado<br>E.M.Arnaldo Dyckerhoff<br>E.M.Carlos Canedo<br>E.M. Dr. Barros Franco<br>E.M.Major Theofilo de Carvalho<br>E.M. Taquaril<br>E.M. Beatriz Zaleski<br>E.M. Antonio Jos\u00e9 de Lima<br>E.M. Felix Wan Erven de Barros<br>E.M. Hildebrando de Carvalho<br>E.M. Oswaldo da Costa Frias<br>E.Mzda. Carmen Nunes Martins<br>E.Mzda. Avelino de Carvalho<br>E.M. Geraldo Ventura Dias<br>E.M. Salvador Kling<br>E.M. Prefeito Jamil Sabr\u00e1<br>Liceu Municipal Carlos Chagas Filho<br>E.M. Vereador Jos\u00e9 Fernandes da Silva<br>E.M. Ana Mohammad<br>E.M. Alto Independ\u00eancia<br>E.M. Almirante Tamandar\u00e9<br>E. Mzada. Frei Aniceto (CEI)<br>E.M. Pedro Amado<br>E.M. Professora Maria da Gl\u00f3ria Vasconcellos<br>E.M. Sebasti\u00e3o Lacerda<br>E.M.L\u00facia de Almeida<br>E.M.Magdalena Tagliaferro<\/p>\n\n\n\n<p>** O calend\u00e1rio com as datas de entregas dos cart\u00f5es dos alunos das demais escolas ser\u00e1 divulgado ao longo da semana.<\/p>\n","protected":false},"excerpt":{"rendered":"<p>Criado para garantir o refor\u00e7o alimentar de alunos da rede municipal de ensino durante o<\/p>\n","protected":false},"author":2,"featured_media":10581,"comment_status":"open","ping_status":"open","sticky":false,"template":"","format":"standard","meta":{"footnotes":""},"categories":[12],"tags":[],"class_list":["post-10668","post","type-post","status-publish","format-standard","has-post-thumbnail","hentry","category-cidade"],"_links":{"self":[{"href":"https:\/\/tvc16.com\/portal\/wp-json\/wp\/v2\/posts\/10668","targetHints":{"allow":["GET"]}}],"collection":[{"href":"https:\/\/tvc16.com\/portal\/wp-json\/wp\/v2\/posts"}],"about":[{"href":"https:\/\/tvc16.com\/portal\/wp-json\/wp\/v2\/types\/post"}],"author":[{"embeddable":true,"href":"https:\/\/tvc16.com\/portal\/wp-json\/wp\/v2\/users\/2"}],"replies":[{"embeddable":true,"href":"https:\/\/tvc16.com\/portal\/wp-json\/wp\/v2\/comments?post=10668"}],"version-history":[{"count":1,"href":"https:\/\/tvc16.com\/portal\/wp-json\/wp\/v2\/posts\/10668\/revisions"}],"predecessor-version":[{"id":10669,"href":"https:\/\/tvc16.com\/portal\/wp-json\/wp\/v2\/posts\/10668\/revisions\/10669"}],"wp:featuredmedia":[{"embeddable":true,"href":"https:\/\/tvc16.com\/portal\/wp-json\/wp\/v2\/media\/10581"}],"wp:attachment":[{"href":"https:\/\/tvc16.com\/portal\/wp-json\/wp\/v2\/media?parent=10668"}],"wp:term":[{"taxonomy":"category","embeddable":true,"href":"https:\/\/tvc16.com\/portal\/wp-json\/wp\/v2\/categories?post=10668"},{"taxonomy":"post_tag","embeddable":true,"href":"https:\/\/tvc16.com\/portal\/wp-json\/wp\/v2\/tags?post=10668"}],"curies":[{"name":"wp","href":"https:\/\/api.w.org\/{rel}","templated":true}]}}