{"id":10670,"date":"2021-02-23T22:41:43","date_gmt":"2021-02-24T01:41:43","guid":{"rendered":"https:\/\/tvc16.com\/portal\/?p=10670"},"modified":"2021-02-23T22:41:45","modified_gmt":"2021-02-24T01:41:45","slug":"com-11-meses-de-pandemia-petropolis-tem-541-obitos-registrados-pela-covid-19-media-de-49-mortes-por-mes-em-decorrencia-do-virus","status":"publish","type":"post","link":"https:\/\/tvc16.com\/portal\/2021\/02\/23\/com-11-meses-de-pandemia-petropolis-tem-541-obitos-registrados-pela-covid-19-media-de-49-mortes-por-mes-em-decorrencia-do-virus\/","title":{"rendered":"Com 11 meses de pandemia, Petr\u00f3polis tem 541 \u00f3bitos registrados pela COVID-19, m\u00e9dia de 49 mortes, por m\u00eas, em decorr\u00eancia do v\u00edrus"},"content":{"rendered":"\n<p><br>Neste momento, 73 pessoas est\u00e3o internadas em leitos de UTI privados e pelo SUS. Outras 69 est\u00e3o em leitos cl\u00ednicos, considerando leitos privados e SUS, totalizando assim, 142 interna\u00e7\u00f5es em toda a rede da Cidade. A ocupa\u00e7\u00e3o de leitos cl\u00ednicos pelo SUS \u00e9 de 67,27% e de 47,87% em leitos de UTI.<br>A Secretaria de Sa\u00fade esclarece que o n\u00famero de \u00f3bitos, hoje em 541, \u00e9 atualizado nos boletins apenas ap\u00f3s o registro do atestado de \u00f3bito e do resultado do exame do paciente no sistema da Vigil\u00e2ncia Epidemiol\u00f3gica, o que \u00e9 feito por equipe administrativa. Trata-se de medida de seguran\u00e7a para evitar erro na informa\u00e7\u00e3o divulgada pela Secretaria de Sa\u00fade.<br>Acrescenta, ainda, que trabalha na atualiza\u00e7\u00e3o de dados de notifica\u00e7\u00f5es e casos em an\u00e1lise no sistema, inserindo dados n\u00e3o lan\u00e7ados no fim do ano. \u00c9 poss\u00edvel acompanhar a evolu\u00e7\u00e3o dos casos no portal da transpar\u00eancia do coronav\u00edrus, no site da Prefeitura (www.petropolis.rj.gov.br)<\/p>\n","protected":false},"excerpt":{"rendered":"<p>Neste momento, 73 pessoas est\u00e3o internadas em leitos de UTI privados e pelo SUS. Outras<\/p>\n","protected":false},"author":2,"featured_media":10671,"comment_status":"open","ping_status":"open","sticky":false,"template":"","format":"standard","meta":{"footnotes":""},"categories":[12],"tags":[],"class_list":["post-10670","post","type-post","status-publish","format-standard","has-post-thumbnail","hentry","category-cidade"],"_links":{"self":[{"href":"https:\/\/tvc16.com\/portal\/wp-json\/wp\/v2\/posts\/10670","targetHints":{"allow":["GET"]}}],"collection":[{"href":"https:\/\/tvc16.com\/portal\/wp-json\/wp\/v2\/posts"}],"about":[{"href":"https:\/\/tvc16.com\/portal\/wp-json\/wp\/v2\/types\/post"}],"author":[{"embeddable":true,"href":"https:\/\/tvc16.com\/portal\/wp-json\/wp\/v2\/users\/2"}],"replies":[{"embeddable":true,"href":"https:\/\/tvc16.com\/portal\/wp-json\/wp\/v2\/comments?post=10670"}],"version-history":[{"count":1,"href":"https:\/\/tvc16.com\/portal\/wp-json\/wp\/v2\/posts\/10670\/revisions"}],"predecessor-version":[{"id":10672,"href":"https:\/\/tvc16.com\/portal\/wp-json\/wp\/v2\/posts\/10670\/revisions\/10672"}],"wp:featuredmedia":[{"embeddable":true,"href":"https:\/\/tvc16.com\/portal\/wp-json\/wp\/v2\/media\/10671"}],"wp:attachment":[{"href":"https:\/\/tvc16.com\/portal\/wp-json\/wp\/v2\/media?parent=10670"}],"wp:term":[{"taxonomy":"category","embeddable":true,"href":"https:\/\/tvc16.com\/portal\/wp-json\/wp\/v2\/categories?post=10670"},{"taxonomy":"post_tag","embeddable":true,"href":"https:\/\/tvc16.com\/portal\/wp-json\/wp\/v2\/tags?post=10670"}],"curies":[{"name":"wp","href":"https:\/\/api.w.org\/{rel}","templated":true}]}}