{"id":10676,"date":"2021-02-23T22:53:29","date_gmt":"2021-02-24T01:53:29","guid":{"rendered":"https:\/\/tvc16.com\/portal\/?p=10676"},"modified":"2021-02-23T22:53:31","modified_gmt":"2021-02-24T01:53:31","slug":"covid-19-brasil-registrou-62-715-infectados-em-24-horas","status":"publish","type":"post","link":"https:\/\/tvc16.com\/portal\/2021\/02\/23\/covid-19-brasil-registrou-62-715-infectados-em-24-horas\/","title":{"rendered":"Covid-19: Brasil registrou 62.715 infectados em 24 horas"},"content":{"rendered":"\n<h3 class=\"wp-block-heading\">N\u00famero de \u00f3bitos ficou em 1.386<\/h3>\n\n\n\n<p>Em atualiza\u00e7\u00e3o do boletim epidemiol\u00f3gico da pandemia do novo coronav\u00edrus divulgada hoje (23), o Minist\u00e9rio da Sa\u00fade registrou mais 62.715 casos de infec\u00e7\u00e3o pela doen\u00e7a. Segundo o informe, 1.386 pessoas morreram em decorr\u00eancia de covid-19 em 24 horas. O n\u00famero total de mortos no brasil pelo v\u00edrus&nbsp;\u00e9 de 248.529 desde o in\u00edcio da pandemia.<img decoding=\"async\" src=\"https:\/\/agenciabrasil.ebc.com.br\/ebc.png?id=1402133&amp;o=node\"><img decoding=\"async\" src=\"https:\/\/agenciabrasil.ebc.com.br\/ebc.gif?id=1402133&amp;o=node\"><\/p>\n\n\n\n<p>A pasta informa que 794.182 pacientes (7,7%) seguem em acompanhamento. A taxa de recupera\u00e7\u00e3o da doen\u00e7a segue est\u00e1vel, com 9.215.164 pessoas consideradas recuperadas&nbsp;da doen\u00e7a, o que representa 89,8% do total.<\/p>\n\n\n\n<p>Sem grandes mudan\u00e7as, o cen\u00e1rio estadual segue mostrando o estado de S\u00e3o Paulo como o maior foco de covid-19 no Brasil. O estado registrou 1.990.554 casos no total, com 58.199 \u00f3bitos,&nbsp;23,41% do total de \u00f3bitos no Brasil. Minas Gerais e Bahia seguem, respectivamente, em segundo e terceiro lugar no covid\u00f4metro, com 847.763 casos e 17.774 \u00f3bitos e 660.506 casos e 11.320 \u00f3bitos.<\/p>\n","protected":false},"excerpt":{"rendered":"<p>N\u00famero de \u00f3bitos ficou em 1.386 Em atualiza\u00e7\u00e3o do boletim epidemiol\u00f3gico da pandemia do novo<\/p>\n","protected":false},"author":2,"featured_media":10677,"comment_status":"open","ping_status":"open","sticky":false,"template":"","format":"standard","meta":{"footnotes":""},"categories":[17],"tags":[],"class_list":["post-10676","post","type-post","status-publish","format-standard","has-post-thumbnail","hentry","category-outras-noticias"],"_links":{"self":[{"href":"https:\/\/tvc16.com\/portal\/wp-json\/wp\/v2\/posts\/10676","targetHints":{"allow":["GET"]}}],"collection":[{"href":"https:\/\/tvc16.com\/portal\/wp-json\/wp\/v2\/posts"}],"about":[{"href":"https:\/\/tvc16.com\/portal\/wp-json\/wp\/v2\/types\/post"}],"author":[{"embeddable":true,"href":"https:\/\/tvc16.com\/portal\/wp-json\/wp\/v2\/users\/2"}],"replies":[{"embeddable":true,"href":"https:\/\/tvc16.com\/portal\/wp-json\/wp\/v2\/comments?post=10676"}],"version-history":[{"count":1,"href":"https:\/\/tvc16.com\/portal\/wp-json\/wp\/v2\/posts\/10676\/revisions"}],"predecessor-version":[{"id":10678,"href":"https:\/\/tvc16.com\/portal\/wp-json\/wp\/v2\/posts\/10676\/revisions\/10678"}],"wp:featuredmedia":[{"embeddable":true,"href":"https:\/\/tvc16.com\/portal\/wp-json\/wp\/v2\/media\/10677"}],"wp:attachment":[{"href":"https:\/\/tvc16.com\/portal\/wp-json\/wp\/v2\/media?parent=10676"}],"wp:term":[{"taxonomy":"category","embeddable":true,"href":"https:\/\/tvc16.com\/portal\/wp-json\/wp\/v2\/categories?post=10676"},{"taxonomy":"post_tag","embeddable":true,"href":"https:\/\/tvc16.com\/portal\/wp-json\/wp\/v2\/tags?post=10676"}],"curies":[{"name":"wp","href":"https:\/\/api.w.org\/{rel}","templated":true}]}}