{"id":10681,"date":"2021-02-23T23:04:07","date_gmt":"2021-02-24T02:04:07","guid":{"rendered":"https:\/\/tvc16.com\/portal\/?p=10681"},"modified":"2021-02-23T23:06:13","modified_gmt":"2021-02-24T02:06:13","slug":"secretaria-de-saude-estima-que-petropolis-tenha-2-600-pessoas-na-faixa-etaria-que-sera-atendida-nesta-nova-etapa-da-campanha-que-atende-pessoas-de-85-a-89-anos","status":"publish","type":"post","link":"https:\/\/tvc16.com\/portal\/2021\/02\/23\/secretaria-de-saude-estima-que-petropolis-tenha-2-600-pessoas-na-faixa-etaria-que-sera-atendida-nesta-nova-etapa-da-campanha-que-atende-pessoas-de-85-a-89-anos\/","title":{"rendered":"Secretaria de Sa\u00fade estima que Petr\u00f3polis tenha 2.600 pessoas entre  85 a 89 anos, que ser\u00e1 atendida nesta nova etapa da campanha"},"content":{"rendered":"\n<p>At\u00e9 o fim da tarde desta ter\u00e7a-feira, 1.733 idosos desta faixa et\u00e1ria j\u00e1 estavam cadastrados junto a Secretaria de Sa\u00fade para receber o imunizante. A vacina\u00e7\u00e3o deste grupo \u00e9 mais um passo dentro do processo para imuniza\u00e7\u00e3o do grupo priorit\u00e1rio previsto na primeira fase da campanha, conforme prev\u00ea o Minist\u00e9rio da Sa\u00fade. O trabalho come\u00e7ou com a vacina\u00e7\u00e3o de profissionais de sa\u00fade, idosos com mais de 60 anos que vivem em institui\u00e7\u00f5es de longa perman\u00eancia e deficientes institucionalizados maiores de 18 anos e avan\u00e7ou com a chegada de novas remessas da vacina, o que permitiu o in\u00edcio da vacina\u00e7\u00e3o de idosos com mais de 60 anos acamados e idosos com mais de 85 anos. A Secretaria de Sa\u00fade estima que Petr\u00f3polis tenha 2.600 pessoas na faixa et\u00e1ria que ser\u00e1 atendida nesta nova etapa da campanha, que atende pessoas de 85 a 89 anos.<br>\u201cA amplia\u00e7\u00e3o para esta faixa et\u00e1ria \u00e9 mais um passo importante que estamos dando para proteger a popula\u00e7\u00e3o de idosos, que \u00e9 mais vulner\u00e1vel \u00e0 Covid-19. As equipes da Sa\u00fade est\u00e3o empenhadas neste trabalho. Para dar conta da demanda estamos ampliando os pontos de vacina\u00e7\u00e3o, de dois para quatro, e esperamos pela chegada de novas doses para que seja poss\u00edvel avan\u00e7armos ainda mais com o trabalho, atendendo todo o p\u00fablico previsto na primeira fase da campanha\u201d, afirma o prefeito interino Hingo Hammes.<br>Al\u00e9m dos pontos que atendem o p\u00fablico que chega a p\u00e9 e tamb\u00e9m de carro, no sistema de drive thru (que funcionam na UCP da Rua Benjamim Constant e no Parque de Exposi\u00e7\u00f5es de Itaipava), outros dois pontos de vacina\u00e7\u00e3o est\u00e3o sendo abertos nas Unidades B\u00e1sicas de Sa\u00fade (UBSs) do Quitandinha e do Itamarati. A Secretaria de Sa\u00fade ir\u00e1 agendar por dia a imuniza\u00e7\u00e3o de 150 pessoas em cada um dos dois pontos de drive thru (Centro e Itaipava) e 100 idosos por dia em cada uma das UBSs (Quitandinha e Itamarati).<br>\u201cEstamos ampliando a vacina\u00e7\u00e3o com todo um planejamento para que, neste momento em que come\u00e7amos a atender uma faixa et\u00e1ria com maior p\u00fablico, tudo transcorra de forma organizada, evitando que ocorram aglomera\u00e7\u00f5es. Para isso, \u00e9 fundamental que, antes de comparecer ao ponto de vacina\u00e7\u00e3o, as pessoas fa\u00e7am o cadastro no site da prefeitura\u201d, diz o secret\u00e1rio de Sa\u00fade, Aloisio Barbosa da Silva Filho.<br>Para ser vacinado, \u00e9 necess\u00e1rio que o idoso seja cadastrado no site da prefeitura (www.petropolis.rj.gov.br). O idoso deve comparecer ao ponto de vacina\u00e7\u00e3o escolhido na data marcada, portando identidade, cart\u00e3o de vacina e comprovante de resid\u00eancia. Pessoas que testaram positivo para a Covid-19 nos \u00faltimos 30 dias ou que estejam com sintomas n\u00e3o poder\u00e3o ser vacinados neste momento. Por isso, devem aguardar e depois se apresentar em um dos postos de vacina\u00e7\u00e3o. A vacina\u00e7\u00e3o para esta faixa et\u00e1ria (85 a 89 anos) ser\u00e1 realizada at\u00e9 o dia 6 de mar\u00e7o.<\/p>\n","protected":false},"excerpt":{"rendered":"<p>At\u00e9 o fim da tarde desta ter\u00e7a-feira, 1.733 idosos desta faixa et\u00e1ria j\u00e1 estavam cadastrados<\/p>\n","protected":false},"author":2,"featured_media":10682,"comment_status":"open","ping_status":"open","sticky":false,"template":"","format":"standard","meta":{"footnotes":""},"categories":[12],"tags":[],"class_list":["post-10681","post","type-post","status-publish","format-standard","has-post-thumbnail","hentry","category-cidade"],"_links":{"self":[{"href":"https:\/\/tvc16.com\/portal\/wp-json\/wp\/v2\/posts\/10681","targetHints":{"allow":["GET"]}}],"collection":[{"href":"https:\/\/tvc16.com\/portal\/wp-json\/wp\/v2\/posts"}],"about":[{"href":"https:\/\/tvc16.com\/portal\/wp-json\/wp\/v2\/types\/post"}],"author":[{"embeddable":true,"href":"https:\/\/tvc16.com\/portal\/wp-json\/wp\/v2\/users\/2"}],"replies":[{"embeddable":true,"href":"https:\/\/tvc16.com\/portal\/wp-json\/wp\/v2\/comments?post=10681"}],"version-history":[{"count":2,"href":"https:\/\/tvc16.com\/portal\/wp-json\/wp\/v2\/posts\/10681\/revisions"}],"predecessor-version":[{"id":10685,"href":"https:\/\/tvc16.com\/portal\/wp-json\/wp\/v2\/posts\/10681\/revisions\/10685"}],"wp:featuredmedia":[{"embeddable":true,"href":"https:\/\/tvc16.com\/portal\/wp-json\/wp\/v2\/media\/10682"}],"wp:attachment":[{"href":"https:\/\/tvc16.com\/portal\/wp-json\/wp\/v2\/media?parent=10681"}],"wp:term":[{"taxonomy":"category","embeddable":true,"href":"https:\/\/tvc16.com\/portal\/wp-json\/wp\/v2\/categories?post=10681"},{"taxonomy":"post_tag","embeddable":true,"href":"https:\/\/tvc16.com\/portal\/wp-json\/wp\/v2\/tags?post=10681"}],"curies":[{"name":"wp","href":"https:\/\/api.w.org\/{rel}","templated":true}]}}