{"id":10686,"date":"2021-02-23T23:13:35","date_gmt":"2021-02-24T02:13:35","guid":{"rendered":"https:\/\/tvc16.com\/portal\/?p=10686"},"modified":"2021-02-23T23:13:37","modified_gmt":"2021-02-24T02:13:37","slug":"prefeito-interino-hingo-hammes-vai-a-brasilia-nesta-quarta-feira-24-para-cobrar-resposta-do-departamento-de-infraestrutura-em-transportes-dnit-sobre-a-atuacao-na-br-040-apos-o-fim-do-contrato-com","status":"publish","type":"post","link":"https:\/\/tvc16.com\/portal\/2021\/02\/23\/prefeito-interino-hingo-hammes-vai-a-brasilia-nesta-quarta-feira-24-para-cobrar-resposta-do-departamento-de-infraestrutura-em-transportes-dnit-sobre-a-atuacao-na-br-040-apos-o-fim-do-contrato-com\/","title":{"rendered":"Prefeito interino Hingo Hammes vai a Bras\u00edlia nesta quarta-feira (24) para cobrar resposta do Departamento de Infraestrutura em Transportes (Dnit) sobre a atua\u00e7\u00e3o na BR-040 ap\u00f3s o fim do contrato com a Concession\u00e1ria Rio-Juiz de Fora (Concer)"},"content":{"rendered":"\n<p>Durante audi\u00eancia p\u00fablica realizada na C\u00e2mara dos Vereadores na noite desta segunda-feira (22), Hingo Hammes manifestou preocupa\u00e7\u00e3o com os servi\u00e7os na estrada, especialmente o socorro \u00e0s v\u00edtimas de acidentes, e falou sobre a mobiliza\u00e7\u00e3o da bancada de deputados do Rio para garantir R$ 55 milh\u00f5es para custear os servi\u00e7os de manuten\u00e7\u00e3o at\u00e9 2022, quando est\u00e1 prevista para ser realizada a licita\u00e7\u00e3o para defini\u00e7\u00e3o da nova concession\u00e1ria.<\/p>\n\n\n\n<p>\u201c\u00c9 importante que o governo federal agilize a realiza\u00e7\u00e3o da licita\u00e7\u00e3o, de forma que tenhamos o quanto antes uma nova concession\u00e1ria para administrar a rodovia. Precisamos que as obras para constru\u00e7\u00e3o da nova pista de subida da serra sejam conclu\u00eddas, que a manuten\u00e7\u00e3o devida seja feita e que os motoristas que trafegam pela estrada tenham o socorro necess\u00e1rio em caso de acidentes\u201d, frisou, lembrando, ainda, que a sa\u00edda da concession\u00e1ria vai gerar uma perda de R$ 3 milh\u00f5es por ano na arrecada\u00e7\u00e3o municipal, referente a ISS. \u201cEstamos buscando suprir esta perda com emendas parlamentares e buscando recursos por meio de conv\u00eanios\u201d, frisou.<\/p>\n\n\n\n<p>Sobre o socorro \u00e0s v\u00edtimas de acidentes na estrada, a maior preocupa\u00e7\u00e3o \u00e9 com o aumento da demanda pelos servi\u00e7os do Samu. \u201cO munic\u00edpio quer a garantia de refor\u00e7o das equipes e da infraestrutura do Samu, de forma que seja poss\u00edvel atender a nova demanda. \u00c9 preciso tamb\u00e9m defini\u00e7\u00e3o de como ser\u00e1 o atendimento de v\u00edtimas de acidentes nos casos em que h\u00e1 pessoas presas \u00e0s ferragens, uma vez que o Samu n\u00e3o tem materiais espec\u00edficos para desencarceramento de acidentados. Este servi\u00e7o, geralmente, \u00e9 realizado pelo Corpo de Bombeiros, de responsabilidade do Estado\u201d, lembrou.<\/p>\n\n\n\n<p>Outro ponto que gera preocupa\u00e7\u00e3o \u00e9 a manuten\u00e7\u00e3o dos benef\u00edcios concedidos \u00e0s fam\u00edlias desalojadas ap\u00f3s a cratera que surgiu em 2017 na regi\u00e3o do Contorno, \u00e0s margens da BR-040, e tamb\u00e9m as que  ser\u00e3o retiradas por problemas judiciais em \u00e1reas de faixa de dom\u00ednio da empresa. \u201cCom a sa\u00edda da Concer, quem vai assumir o compromisso com essas fam\u00edlias? Isso precisa de uma solu\u00e7\u00e3o vi\u00e1vel e de respostas concretas. Al\u00e9m disso, a Concer subsidia o aluguel de muitas delas. Temos que ter garantias de que tudo ser\u00e1 mantido. Estamos acompanhando com muita aten\u00e7\u00e3o essa situa\u00e7\u00e3o\u201d, disse Hammes.<\/p>\n\n\n\n<p>Durante o encontro, o secret\u00e1rio estadual de Transportes, Delmo Pinho, lembrou que a BR-040 precisa ser pensada para o futuro. \u201cA BR-040 precisa ser pensada para 30, 40 anos \u00e0 frente. A mobilidade urbana deve estar integrada com as necessidades dos munic\u00edpios\u201d, apontou o secret\u00e1rio, que ainda informou que a nova concess\u00e3o poder\u00e1 baratear o custo do ped\u00e1gio e o investimento previsto ser\u00e1 estimado em R$ 4 bilh\u00f5es por 30 anos de concess\u00e3o, para um trecho de 700 quil\u00f4metros, entre Rio e Belo Horizonte, al\u00e9m dos 31 quil\u00f4metros da BR-495, entre Petr\u00f3polis e Teres\u00f3polis.<\/p>\n\n\n\n<p><em>Corpo de Bombeiros tamb\u00e9m se preocupa com seguran\u00e7a na BR-040<\/em><\/p>\n\n\n\n<p>O servi\u00e7o de socorro na Rodovia BR-040 tamb\u00e9m \u00e9 motivo de preocupa\u00e7\u00e3o para o Corpo de Bombeiros. Na tarde desta ter\u00e7a-feira (23) o tenente-coronel Luiz Diogo, comandante do 15\u00ba GBM, se reuniu com o prefeito interino Hingo Hammes e apresentou o esbo\u00e7o de um plano de conting\u00eancia para ser empregado no trecho da Serra de Petr\u00f3polis.<\/p>\n\n\n\n<p>\u201cEstamos apreensivos, pois em dias de chuva a concession\u00e1ria registra uma m\u00e9dia de 12 acidentes nas pistas de subida e descida, onde est\u00e3o localizados os pontos mais cr\u00edticos\u201d, disse o tenente-coronel, adiantando que uma das possibilidades analisadas seria manter uma equipe de Bombeiros em um ponto estrat\u00e9gico da estrada.<\/p>\n","protected":false},"excerpt":{"rendered":"<p>Durante audi\u00eancia p\u00fablica realizada na C\u00e2mara dos Vereadores na noite desta segunda-feira (22), Hingo Hammes<\/p>\n","protected":false},"author":2,"featured_media":10687,"comment_status":"open","ping_status":"open","sticky":false,"template":"","format":"standard","meta":{"footnotes":""},"categories":[12],"tags":[],"class_list":["post-10686","post","type-post","status-publish","format-standard","has-post-thumbnail","hentry","category-cidade"],"_links":{"self":[{"href":"https:\/\/tvc16.com\/portal\/wp-json\/wp\/v2\/posts\/10686","targetHints":{"allow":["GET"]}}],"collection":[{"href":"https:\/\/tvc16.com\/portal\/wp-json\/wp\/v2\/posts"}],"about":[{"href":"https:\/\/tvc16.com\/portal\/wp-json\/wp\/v2\/types\/post"}],"author":[{"embeddable":true,"href":"https:\/\/tvc16.com\/portal\/wp-json\/wp\/v2\/users\/2"}],"replies":[{"embeddable":true,"href":"https:\/\/tvc16.com\/portal\/wp-json\/wp\/v2\/comments?post=10686"}],"version-history":[{"count":1,"href":"https:\/\/tvc16.com\/portal\/wp-json\/wp\/v2\/posts\/10686\/revisions"}],"predecessor-version":[{"id":10688,"href":"https:\/\/tvc16.com\/portal\/wp-json\/wp\/v2\/posts\/10686\/revisions\/10688"}],"wp:featuredmedia":[{"embeddable":true,"href":"https:\/\/tvc16.com\/portal\/wp-json\/wp\/v2\/media\/10687"}],"wp:attachment":[{"href":"https:\/\/tvc16.com\/portal\/wp-json\/wp\/v2\/media?parent=10686"}],"wp:term":[{"taxonomy":"category","embeddable":true,"href":"https:\/\/tvc16.com\/portal\/wp-json\/wp\/v2\/categories?post=10686"},{"taxonomy":"post_tag","embeddable":true,"href":"https:\/\/tvc16.com\/portal\/wp-json\/wp\/v2\/tags?post=10686"}],"curies":[{"name":"wp","href":"https:\/\/api.w.org\/{rel}","templated":true}]}}