{"id":1069,"date":"2020-09-23T16:44:29","date_gmt":"2020-09-23T16:44:29","guid":{"rendered":"https:\/\/tvc16.com\/portal\/?p=1069"},"modified":"2020-09-23T16:44:29","modified_gmt":"2020-09-23T16:44:29","slug":"motos-irregulares-sao-alvo-de-operacao-do-detran-em-petropolis","status":"publish","type":"post","link":"https:\/\/tvc16.com\/portal\/2020\/09\/23\/motos-irregulares-sao-alvo-de-operacao-do-detran-em-petropolis\/","title":{"rendered":"Motos irregulares s\u00e3o alvo de opera\u00e7\u00e3o do Detran em Petr\u00f3polis"},"content":{"rendered":"\n<p>Na ter\u00e7a-feria (22) a Coordenadoria de Fiscaliza\u00e7\u00e3o do Detran RJ iniciou uma s\u00e9rie de fiscaliza\u00e7\u00f5es, que devem ser solicitadas pelos munic\u00edpios,  para coibir motociclistas que circulam em ve\u00edculos com o escapamento adulterado. Petr\u00f3polis foi a primeira cidade a receber a opera\u00e7\u00e3o. Em tr\u00eas horas da a\u00e7\u00e3o, 26 ve\u00edculos foram fiscalizados e 34 infra\u00e7\u00f5es de tr\u00e2nsito, aplicadas. Para seis ve\u00edculos, que estavam irregulares, foram emitidas notifica\u00e7\u00f5es de encaminhamento ao posto para regulariza\u00e7\u00e3o.<\/p>\n\n\n\n<p>Durante a abordagem, tamb\u00e9m foram verificados os itens de seguran\u00e7a e os documentos dos condutores. Vale ressaltar, que hoje, o Estado do Rio tem mais motocicletas que h\u00e1 um ano. Nos \u00faltimos 12 meses, foram mais 31 mil ve\u00edculos desse tipo. O total de motos saltou de 1.211.646 para 1.243.203. E, com esse aumento, cresceu tamb\u00e9m o inc\u00f4modo da popula\u00e7\u00e3o com o barulho desse transporte. Isso porque, alguns motociclistas adulteram o sistema de escapamento, ampliando o ronco dos motores. <\/p>\n\n\n\n<p>O Detran refor\u00e7a que, durante a pandemia, as CNHs vencidas ap\u00f3s 19 de fevereiro de 2020 n\u00e3o ser\u00e3o consideradas irregulares porque tiveram sua validade estendida.<\/p>\n\n\n\n<p>Para saber outros prazos que foram suspensos ou adiados, acesse: http:\/\/www.detran.rj.gov.br\/_documento.asp?cod=11202.<\/p>\n\n\n\n<p>Foto: divulga\u00e7\u00e3o Detran\/RJ<\/p>\n","protected":false},"excerpt":{"rendered":"<p>Na ter\u00e7a-feria (22) a Coordenadoria de Fiscaliza\u00e7\u00e3o do Detran RJ iniciou uma s\u00e9rie de fiscaliza\u00e7\u00f5es,<\/p>\n","protected":false},"author":2,"featured_media":1070,"comment_status":"open","ping_status":"open","sticky":false,"template":"","format":"standard","meta":{"footnotes":""},"categories":[12],"tags":[],"class_list":["post-1069","post","type-post","status-publish","format-standard","has-post-thumbnail","hentry","category-cidade"],"_links":{"self":[{"href":"https:\/\/tvc16.com\/portal\/wp-json\/wp\/v2\/posts\/1069","targetHints":{"allow":["GET"]}}],"collection":[{"href":"https:\/\/tvc16.com\/portal\/wp-json\/wp\/v2\/posts"}],"about":[{"href":"https:\/\/tvc16.com\/portal\/wp-json\/wp\/v2\/types\/post"}],"author":[{"embeddable":true,"href":"https:\/\/tvc16.com\/portal\/wp-json\/wp\/v2\/users\/2"}],"replies":[{"embeddable":true,"href":"https:\/\/tvc16.com\/portal\/wp-json\/wp\/v2\/comments?post=1069"}],"version-history":[{"count":1,"href":"https:\/\/tvc16.com\/portal\/wp-json\/wp\/v2\/posts\/1069\/revisions"}],"predecessor-version":[{"id":1071,"href":"https:\/\/tvc16.com\/portal\/wp-json\/wp\/v2\/posts\/1069\/revisions\/1071"}],"wp:featuredmedia":[{"embeddable":true,"href":"https:\/\/tvc16.com\/portal\/wp-json\/wp\/v2\/media\/1070"}],"wp:attachment":[{"href":"https:\/\/tvc16.com\/portal\/wp-json\/wp\/v2\/media?parent=1069"}],"wp:term":[{"taxonomy":"category","embeddable":true,"href":"https:\/\/tvc16.com\/portal\/wp-json\/wp\/v2\/categories?post=1069"},{"taxonomy":"post_tag","embeddable":true,"href":"https:\/\/tvc16.com\/portal\/wp-json\/wp\/v2\/tags?post=1069"}],"curies":[{"name":"wp","href":"https:\/\/api.w.org\/{rel}","templated":true}]}}