{"id":10692,"date":"2021-02-23T23:27:16","date_gmt":"2021-02-24T02:27:16","guid":{"rendered":"https:\/\/tvc16.com\/portal\/?p=10692"},"modified":"2021-02-23T23:27:18","modified_gmt":"2021-02-24T02:27:18","slug":"mulheres-de-secretario-em-pedro-do-rio-vao-receber-atendimento-do-onibus-lilas-do-centro-de-referencia-em-atendimento-a-mulher-cram","status":"publish","type":"post","link":"https:\/\/tvc16.com\/portal\/2021\/02\/23\/mulheres-de-secretario-em-pedro-do-rio-vao-receber-atendimento-do-onibus-lilas-do-centro-de-referencia-em-atendimento-a-mulher-cram\/","title":{"rendered":"Mulheres de Secret\u00e1rio, em Pedro do Rio, v\u00e3o   receber atendimento do \u00d4nibus Lil\u00e1s, do Centro de Refer\u00eancia em Atendimento \u00e0 Mulher \u2013 CRAM"},"content":{"rendered":"\n<p><em>\u00d4nibus Lil\u00e1s estar\u00e1 em Secret\u00e1rio no pr\u00f3ximo s\u00e1bado<\/em><\/p>\n\n\n\n<p>Segundo o prefeito interino Hingo Hammes, o equipamento estar\u00e1 estacionado na pra\u00e7a da comunidade, neste s\u00e1bado (27), das 9h \u00e0s 14h. O objetivo \u00e9 divulgar a Lei Maria da Penha, suas formas de preven\u00e7\u00e3o e mecanismos para romper com a situa\u00e7\u00e3o de viol\u00eancia.<\/p>\n\n\n\n<p>Para a coordenadora do CRAM, Ana Luiza Franco, o deslocamento at\u00e9 as comunidades \u00e9 de extrema import\u00e2ncia para garantir o atendimento a mulheres que moram nas \u00e1reas mais distantes. \u201cElas precisam ser ouvidas e atrav\u00e9s do \u00d4nibus Lil\u00e1s, levamos empoderamento e coragem para que elas busquem seus direitos e consigam romper o ciclo de viol\u00eancia\u201d, explica.<\/p>\n\n\n\n<p>De acordo com Ana Luiza, a escolha de Secret\u00e1rio n\u00e3o foi aleat\u00f3ria. A necessidade de inclu\u00ed-lo no cronograma do \u00d4nibus Lil\u00e1s surgiu a partir de registros oriundos do local na institui\u00e7\u00e3o. \u201cChegam muitos registros daquela regi\u00e3o e muitas dessas mulheres n\u00e3o t\u00eam condi\u00e7\u00f5es de chegar ao Centro da Cidade. Por isso, vamos at\u00e9 elas\u201d, frisa.<\/p>\n\n\n\n<p>No Vila Rica, onde o \u00f4nibus esteve no dia 13 de fevereiro, seis mulheres preencheram as fichas de cadastro, por\u00e9m, o n\u00famero de visitantes foi maior, o que animou a coordenadora do CRAM, Ana Luiza Franco. \u201cIsso porque, geralmente, elas ficam com vergonha e n\u00e3o entram na estrutura. Podemos considerar que o resultado foi bastante positivo\u201d, explica.<\/p>\n\n\n\n<p>Na estrutura, as equipes oferecem servi\u00e7os multidisciplinares, psic\u00f3logos e aux\u00edlio jur\u00eddico. A ideia \u00e9 acolher e orientar as mulheres, especialmente as v\u00edtimas de viol\u00eancia dom\u00e9stica. As equipes tamb\u00e9m orientam sobre outros atendimentos, por exemplo, d\u00favidas relacionadas a pens\u00e3o aliment\u00edcia, entre outras.<br>O \u00f4nibus estar\u00e1 na Pra\u00e7a de Secret\u00e1rio no pr\u00f3ximo dia 27 de fevereiro, mas outras cinco comunidades ainda receber\u00e3o a estrutura ao longo do m\u00eas de mar\u00e7o e no in\u00edcio de abril.<\/p>\n\n\n\n<p>Veja o cronograma:<br>06\/03 \u2013 Posto de Sa\u00fade da Posse<br>13\/03 \u2013 Posto de Sa\u00fade do Brejal<br>20\/03 \u2013 Escola M. Am\u00e9lia Antunes Rabelo, em Madame Machado<br>27\/03 \u2013 Escola Paulo Montes, em Araras<br>03\/04 \u2013 Escola Abelardo Delamare, no Caxambu<\/p>\n","protected":false},"excerpt":{"rendered":"<p>\u00d4nibus Lil\u00e1s estar\u00e1 em Secret\u00e1rio no pr\u00f3ximo s\u00e1bado Segundo o prefeito interino Hingo Hammes, o<\/p>\n","protected":false},"author":2,"featured_media":10693,"comment_status":"open","ping_status":"open","sticky":false,"template":"","format":"standard","meta":{"footnotes":""},"categories":[12],"tags":[],"class_list":["post-10692","post","type-post","status-publish","format-standard","has-post-thumbnail","hentry","category-cidade"],"_links":{"self":[{"href":"https:\/\/tvc16.com\/portal\/wp-json\/wp\/v2\/posts\/10692","targetHints":{"allow":["GET"]}}],"collection":[{"href":"https:\/\/tvc16.com\/portal\/wp-json\/wp\/v2\/posts"}],"about":[{"href":"https:\/\/tvc16.com\/portal\/wp-json\/wp\/v2\/types\/post"}],"author":[{"embeddable":true,"href":"https:\/\/tvc16.com\/portal\/wp-json\/wp\/v2\/users\/2"}],"replies":[{"embeddable":true,"href":"https:\/\/tvc16.com\/portal\/wp-json\/wp\/v2\/comments?post=10692"}],"version-history":[{"count":1,"href":"https:\/\/tvc16.com\/portal\/wp-json\/wp\/v2\/posts\/10692\/revisions"}],"predecessor-version":[{"id":10694,"href":"https:\/\/tvc16.com\/portal\/wp-json\/wp\/v2\/posts\/10692\/revisions\/10694"}],"wp:featuredmedia":[{"embeddable":true,"href":"https:\/\/tvc16.com\/portal\/wp-json\/wp\/v2\/media\/10693"}],"wp:attachment":[{"href":"https:\/\/tvc16.com\/portal\/wp-json\/wp\/v2\/media?parent=10692"}],"wp:term":[{"taxonomy":"category","embeddable":true,"href":"https:\/\/tvc16.com\/portal\/wp-json\/wp\/v2\/categories?post=10692"},{"taxonomy":"post_tag","embeddable":true,"href":"https:\/\/tvc16.com\/portal\/wp-json\/wp\/v2\/tags?post=10692"}],"curies":[{"name":"wp","href":"https:\/\/api.w.org\/{rel}","templated":true}]}}