{"id":10698,"date":"2021-02-24T15:12:59","date_gmt":"2021-02-24T18:12:59","guid":{"rendered":"https:\/\/tvc16.com\/portal\/?p=10698"},"modified":"2021-02-24T15:14:12","modified_gmt":"2021-02-24T18:14:12","slug":"diretorio-estadual-do-prtb-convida-os-petropolitanos-para-a-homenagem-que-sera-feita-ao-vereador-dr-mauro-peralta","status":"publish","type":"post","link":"https:\/\/tvc16.com\/portal\/2021\/02\/24\/diretorio-estadual-do-prtb-convida-os-petropolitanos-para-a-homenagem-que-sera-feita-ao-vereador-dr-mauro-peralta\/","title":{"rendered":"Diret\u00f3rio  Estadual, do PRTB, convida os petropolitanos para a homenagem que ser\u00e1 feita ao vereador Dr. Mauro Peralta"},"content":{"rendered":"\n<p>O Diret\u00f3rio Estadual do Partido Renovador Trabalhista Brasileiro &#8211; PRTB, no Estado do Rio de Janeiro, por seu presidente Ant\u00f4nio Carlos dos Santos, far\u00e1 uma homenagem ao vereador eleito no pleito de 2020, Dr. Mauro Peralta.<br>A cerim\u00f4nia ocorrer\u00e1 no plen\u00e1rio da C\u00e2mara dos Vereadores de Petr\u00f3polis, no dia 1\u00ba de mar\u00e7o de 2021, segunda-feira, \u00e0s 15 horas.<br>Tal homenagem faz parte do programa de incentivo e agradecimento aos candidatos do PRTB que lograram \u00eaxito nas elei\u00e7\u00f5es municipais no Rio de Janeiro, e demonstram o apoio dado pelo partido no desenvolvimento dos trabalhos realizados pelos vereadores em suas cidades.<br>Petr\u00f3polis, como uma das mais importantes cidades do estado, tem uma especial aten\u00e7\u00e3o por parte do diret\u00f3rio estadual, bem como, da presid\u00eancia e lideran\u00e7a nacional do partido.<br>O convite para a sess\u00e3o na C\u00e2mara n\u00e3o se restringe apenas aos apoiadores ou filiados do PRTB, mas \u00e9 extensiva a todos os petropolitanos que apoiam a democracia e querem ver seus representantes fazendo tudo para o desenvolvimento da cidade de Petr\u00f3polis.<\/p>\n\n\n\n<figure class=\"wp-block-image size-large\"><img loading=\"lazy\" decoding=\"async\" width=\"807\" height=\"568\" src=\"https:\/\/tvc16.com\/portal\/wp-content\/uploads\/2021\/02\/IMG-20210224-WA0042.jpg\" alt=\"\" class=\"wp-image-10701\" srcset=\"https:\/\/tvc16.com\/portal\/wp-content\/uploads\/2021\/02\/IMG-20210224-WA0042.jpg 807w, https:\/\/tvc16.com\/portal\/wp-content\/uploads\/2021\/02\/IMG-20210224-WA0042-300x211.jpg 300w, https:\/\/tvc16.com\/portal\/wp-content\/uploads\/2021\/02\/IMG-20210224-WA0042-768x541.jpg 768w\" sizes=\"auto, (max-width: 807px) 100vw, 807px\" \/><\/figure>\n","protected":false},"excerpt":{"rendered":"<p>O Diret\u00f3rio Estadual do Partido Renovador Trabalhista Brasileiro &#8211; PRTB, no Estado do Rio de<\/p>\n","protected":false},"author":2,"featured_media":10699,"comment_status":"open","ping_status":"open","sticky":false,"template":"","format":"standard","meta":{"footnotes":""},"categories":[12],"tags":[],"class_list":["post-10698","post","type-post","status-publish","format-standard","has-post-thumbnail","hentry","category-cidade"],"_links":{"self":[{"href":"https:\/\/tvc16.com\/portal\/wp-json\/wp\/v2\/posts\/10698","targetHints":{"allow":["GET"]}}],"collection":[{"href":"https:\/\/tvc16.com\/portal\/wp-json\/wp\/v2\/posts"}],"about":[{"href":"https:\/\/tvc16.com\/portal\/wp-json\/wp\/v2\/types\/post"}],"author":[{"embeddable":true,"href":"https:\/\/tvc16.com\/portal\/wp-json\/wp\/v2\/users\/2"}],"replies":[{"embeddable":true,"href":"https:\/\/tvc16.com\/portal\/wp-json\/wp\/v2\/comments?post=10698"}],"version-history":[{"count":2,"href":"https:\/\/tvc16.com\/portal\/wp-json\/wp\/v2\/posts\/10698\/revisions"}],"predecessor-version":[{"id":10702,"href":"https:\/\/tvc16.com\/portal\/wp-json\/wp\/v2\/posts\/10698\/revisions\/10702"}],"wp:featuredmedia":[{"embeddable":true,"href":"https:\/\/tvc16.com\/portal\/wp-json\/wp\/v2\/media\/10699"}],"wp:attachment":[{"href":"https:\/\/tvc16.com\/portal\/wp-json\/wp\/v2\/media?parent=10698"}],"wp:term":[{"taxonomy":"category","embeddable":true,"href":"https:\/\/tvc16.com\/portal\/wp-json\/wp\/v2\/categories?post=10698"},{"taxonomy":"post_tag","embeddable":true,"href":"https:\/\/tvc16.com\/portal\/wp-json\/wp\/v2\/tags?post=10698"}],"curies":[{"name":"wp","href":"https:\/\/api.w.org\/{rel}","templated":true}]}}