{"id":10705,"date":"2021-02-24T23:05:19","date_gmt":"2021-02-25T02:05:19","guid":{"rendered":"https:\/\/tvc16.com\/portal\/?p=10705"},"modified":"2021-02-24T23:05:23","modified_gmt":"2021-02-25T02:05:23","slug":"comecou-nesta-quarta-feira-a-vacinacao-para-idosos-entre-85-e-89-anos","status":"publish","type":"post","link":"https:\/\/tvc16.com\/portal\/2021\/02\/24\/comecou-nesta-quarta-feira-a-vacinacao-para-idosos-entre-85-e-89-anos\/","title":{"rendered":"Come\u00e7ou nesta quarta-feira, a vacina\u00e7\u00e3o para idosos entre 85 e 89 anos"},"content":{"rendered":"\n<p>O movimento foi grande nos pontos de vacina\u00e7\u00e3o no primeiro dia da campanha para a imuniza\u00e7\u00e3o contra Covid-19 entre pessoas com idade entre 85 e 89 anos. Ao todo, 492 idosos receberam a primeira dose da vacina nesta quarta-feira (24). Al\u00e9m dos pontos que funcionam no sistema de drive thru na UCP da Benjamim Constant (Centro), e no Parque Municipal de Itaipava (que atendem tamb\u00e9m quem chega a p\u00e9), a vacina est\u00e1 sendo aplicada em duas Unidades B\u00e1sicas de Sa\u00fade &#8211; UBSs do Quitandinha e do Itamarati. Para receber a vacina o idoso precisa fazer um cadastro pr\u00e9vio no site da prefeitura (www.petropolis.rj.gov.br). A Secretaria de Sa\u00fade estima que 2.600 pessoas nesta faixa et\u00e1ria vivem na cidade. <br>Ao todo, a Secretaria de Sa\u00fade ir\u00e1 disponibilizar doses para vacinar 500 idosos por dia, com agendamento de 150 pessoas em cada um dos dois pontos de drive thru (Centro e Itaipava) e 100 idosos em cada uma das UBSs (Quitandinha e Itamarati)<\/p>\n\n\n\n<p>\u201cPercebemos pela demanda para cadastro e pelo movimento no primeiro dia que os idosos est\u00e3o aderindo bem \u00e0 chamada para vacina\u00e7\u00e3o, o que \u00e9 muito importante, uma vez que eles s\u00e3o o p\u00fablico mais vulner\u00e1vel. Temos a previs\u00e3o de receber mais doses nesta semana. Continuaremos trabalhando para que a cidade receba mais doses para que possamos continuar ampliando as faixas et\u00e1rias da vacina\u00e7\u00e3o\u201d, disse o prefeito interino Hingo Hammes.<\/p>\n\n\n\n<p><em>Quase 2 mil idosos com 85 a 89 anos j\u00e1 fizeram o cadastro para a vacina\u00e7\u00e3o<\/em><\/p>\n\n\n\n<p>At\u00e9 a tarde de ontem, 1.990 pessoas com idade entre 85 e 89 anos j\u00e1 estavam cadastradas junto \u00e0 Secretaria de Sa\u00fade do munic\u00edpio para receber a vacina. A Secretaria orienta que, no momento do preenchimento do cadastro, seja observada a data em que a vacina est\u00e1 sendo agendada, para que o idoso compare\u00e7a ao ponto de vacina\u00e7\u00e3o escolhido na data marcada.<\/p>\n\n\n\n<p>\u201cAs pessoas podem ficar tranquilas pois temos vacinas em n\u00famero suficiente para atender toda popula\u00e7\u00e3o da faixa et\u00e1ria entre 85 e 89 anos. Por isso, n\u00e3o \u00e9 necess\u00e1rio que haja uma corrida aos pontos de vacina\u00e7\u00e3o. \u00c9 importante que as pessoas fa\u00e7am o cadastro no site da prefeitura e estejam atentas a data do agendamento e compare\u00e7am no dia marcado \u2013 explica o secret\u00e1rio de Sa\u00fade Aloisio Barbosa da Silva Filho.<\/p>\n\n\n\n<p><em>Mais de mil idosos com mais de 90 anos foram vacinados<\/em><\/p>\n\n\n\n<p>Na ter\u00e7a-feira (23) a Secretaria de Sa\u00fade concluiu a etapa de vacina\u00e7\u00e3o para idosos com mais de 90 anos. Ao todo, 1003 idosos foram vacinados. A vacina\u00e7\u00e3o dos idosos, das faixas et\u00e1rias mais vulner\u00e1veis, trouxe al\u00edvio aos vacinados \u00e0s fam\u00edlias.<\/p>\n\n\n\n<p>\u201cFicamos mais tranquilos agora com meu av\u00f4 vacinado, pois ele gosta muito de sair \u2013 contou M\u00e1rcia Fernandes Soares, neta de Miguel Fernandes, que, aos 90 anos, recebeu a doses da vacina. \u201cFiquei com medo desta doen\u00e7a. Tive 9 filhos e sempre trabalhei. Eu tenho bastante idade por isso fiquei com medo. Agora, vacinando, me sinto mais tranquilo\u201d, disse.<\/p>\n\n\n\n<p>No momento da vacina\u00e7\u00e3o, os idosos devem portar identidade, cart\u00e3o de vacina e comprovante de resid\u00eancia.<\/p>\n\n\n\n<p>Pessoas que testaram positivo para a Covid-19 nos \u00faltimos 30 dias ou que estejam com sintomas n\u00e3o poder\u00e3o ser vacinados neste momento. Por isso, devem aguardar e depois se apresentar em um dos postos de vacina\u00e7\u00e3o. A vacina\u00e7\u00e3o para esta faixa et\u00e1ria (85 a 89 anos) ser\u00e1 realizada at\u00e9 o dia 6 de mar\u00e7o.<\/p>\n","protected":false},"excerpt":{"rendered":"<p>O movimento foi grande nos pontos de vacina\u00e7\u00e3o no primeiro dia da campanha para a<\/p>\n","protected":false},"author":2,"featured_media":10706,"comment_status":"open","ping_status":"open","sticky":false,"template":"","format":"standard","meta":{"footnotes":""},"categories":[12],"tags":[],"class_list":["post-10705","post","type-post","status-publish","format-standard","has-post-thumbnail","hentry","category-cidade"],"_links":{"self":[{"href":"https:\/\/tvc16.com\/portal\/wp-json\/wp\/v2\/posts\/10705","targetHints":{"allow":["GET"]}}],"collection":[{"href":"https:\/\/tvc16.com\/portal\/wp-json\/wp\/v2\/posts"}],"about":[{"href":"https:\/\/tvc16.com\/portal\/wp-json\/wp\/v2\/types\/post"}],"author":[{"embeddable":true,"href":"https:\/\/tvc16.com\/portal\/wp-json\/wp\/v2\/users\/2"}],"replies":[{"embeddable":true,"href":"https:\/\/tvc16.com\/portal\/wp-json\/wp\/v2\/comments?post=10705"}],"version-history":[{"count":1,"href":"https:\/\/tvc16.com\/portal\/wp-json\/wp\/v2\/posts\/10705\/revisions"}],"predecessor-version":[{"id":10707,"href":"https:\/\/tvc16.com\/portal\/wp-json\/wp\/v2\/posts\/10705\/revisions\/10707"}],"wp:featuredmedia":[{"embeddable":true,"href":"https:\/\/tvc16.com\/portal\/wp-json\/wp\/v2\/media\/10706"}],"wp:attachment":[{"href":"https:\/\/tvc16.com\/portal\/wp-json\/wp\/v2\/media?parent=10705"}],"wp:term":[{"taxonomy":"category","embeddable":true,"href":"https:\/\/tvc16.com\/portal\/wp-json\/wp\/v2\/categories?post=10705"},{"taxonomy":"post_tag","embeddable":true,"href":"https:\/\/tvc16.com\/portal\/wp-json\/wp\/v2\/tags?post=10705"}],"curies":[{"name":"wp","href":"https:\/\/api.w.org\/{rel}","templated":true}]}}