{"id":10715,"date":"2021-02-24T23:23:51","date_gmt":"2021-02-25T02:23:51","guid":{"rendered":"https:\/\/tvc16.com\/portal\/?p=10715"},"modified":"2021-02-24T23:23:53","modified_gmt":"2021-02-25T02:23:53","slug":"secretarios-municipais-e-agentes-regionais-alinharam-as-acoes-que-serao-realizadas-nas-comunidades-nas-proximas-semanas","status":"publish","type":"post","link":"https:\/\/tvc16.com\/portal\/2021\/02\/24\/secretarios-municipais-e-agentes-regionais-alinharam-as-acoes-que-serao-realizadas-nas-comunidades-nas-proximas-semanas\/","title":{"rendered":"Secret\u00e1rios municipais e agentes regionais alinharam as a\u00e7\u00f5es que ser\u00e3o realizadas nas comunidades nas pr\u00f3ximas semanas"},"content":{"rendered":"\n<p>Em um encontro realizado nesta quarta-feira (24), tamb\u00e9m foi feito um balan\u00e7o dos servi\u00e7os j\u00e1 executados nos primeiros 50 dias de governo interino. A reuni\u00e3o, realizada na prefeitura, aconteceu por meio da Coordenadoria Especial de Rela\u00e7\u00f5es Institucionais, ap\u00f3s uma solicita\u00e7\u00e3o da equipe da Secretaria de Obras.<\/p>\n\n\n\n<p>Entre os temas discutidos est\u00e3o as estradas vicinais, as opera\u00e7\u00f5es tapa-buracos, recolhimento de lixo e entulho, al\u00e9m da instala\u00e7\u00e3o de programas de esporte e lazer. \u201cOs agentes regionais s\u00e3o fundamentais na busca de solu\u00e7\u00f5es para as demandas dos bairros junto aos diversos setores do governo. O di\u00e1logo constante vai aperfei\u00e7oar as nossas a\u00e7\u00f5es e garantir a realiza\u00e7\u00e3o dos servi\u00e7os mais rapidamente junto \u00e0s comunidades&#8221;, destacou o prefeito interino Hingo Hammes.<\/p>\n\n\n\n<p>A coordenadora de Rela\u00e7\u00f5es Institucionais, Fernanda Ferreira, disse que di\u00e1logo com os agentes regionais \u00e9 constante e os encontros servem para o alinhamento das a\u00e7\u00f5es. &#8220;Esse encontro foi um pedido da Secretaria de Obras para organizarmos melhor os atendimentos. Precisamos saber o que \u00e9 emergencial, o que \u00e9 prioridade, para atendermos o quanto antes. Os agentes nos ajudam neste sentido&#8221;, explicou.<\/p>\n\n\n\n<p>Segundo Cristiano Faria, agente regional do Retiro, os encontros s\u00e3o importantes para que o governo municipal entenda quais s\u00e3o as prioridades dos bairros. &#8220;\u00c9 muito bacana ter essa liga\u00e7\u00e3o direta do secretariado com os agentes, j\u00e1 que fazemos um trabalho em conjunto. Em pouco tempo, j\u00e1 conseguimos realizar muita coisa, trabalhando sempre em equipe&#8221;.<\/p>\n\n\n\n<p>Tamb\u00e9m participaram do encontro o secret\u00e1rio de Meio Ambiente, Edmardo Campbell, o diretor-presidente da CPTrans, Luciano Moreira, o presidente da Comdep, Leonardo Fernandes; o presidente do Instituto Municipal de Cultura e Esportes (IMCE), Leandro Kronemberger; o assessor Especial de Governo, Wagner Silva; o diretor de manuten\u00e7\u00e3o vi\u00e1ria da Secretaria de Obras, Carlos Muller; al\u00e9m do engenheiro da Secretaria de Obras, Adirley Ribeiro.<\/p>\n","protected":false},"excerpt":{"rendered":"<p>Em um encontro realizado nesta quarta-feira (24), tamb\u00e9m foi feito um balan\u00e7o dos servi\u00e7os j\u00e1<\/p>\n","protected":false},"author":2,"featured_media":10716,"comment_status":"open","ping_status":"open","sticky":false,"template":"","format":"standard","meta":{"footnotes":""},"categories":[12],"tags":[],"class_list":["post-10715","post","type-post","status-publish","format-standard","has-post-thumbnail","hentry","category-cidade"],"_links":{"self":[{"href":"https:\/\/tvc16.com\/portal\/wp-json\/wp\/v2\/posts\/10715","targetHints":{"allow":["GET"]}}],"collection":[{"href":"https:\/\/tvc16.com\/portal\/wp-json\/wp\/v2\/posts"}],"about":[{"href":"https:\/\/tvc16.com\/portal\/wp-json\/wp\/v2\/types\/post"}],"author":[{"embeddable":true,"href":"https:\/\/tvc16.com\/portal\/wp-json\/wp\/v2\/users\/2"}],"replies":[{"embeddable":true,"href":"https:\/\/tvc16.com\/portal\/wp-json\/wp\/v2\/comments?post=10715"}],"version-history":[{"count":1,"href":"https:\/\/tvc16.com\/portal\/wp-json\/wp\/v2\/posts\/10715\/revisions"}],"predecessor-version":[{"id":10717,"href":"https:\/\/tvc16.com\/portal\/wp-json\/wp\/v2\/posts\/10715\/revisions\/10717"}],"wp:featuredmedia":[{"embeddable":true,"href":"https:\/\/tvc16.com\/portal\/wp-json\/wp\/v2\/media\/10716"}],"wp:attachment":[{"href":"https:\/\/tvc16.com\/portal\/wp-json\/wp\/v2\/media?parent=10715"}],"wp:term":[{"taxonomy":"category","embeddable":true,"href":"https:\/\/tvc16.com\/portal\/wp-json\/wp\/v2\/categories?post=10715"},{"taxonomy":"post_tag","embeddable":true,"href":"https:\/\/tvc16.com\/portal\/wp-json\/wp\/v2\/tags?post=10715"}],"curies":[{"name":"wp","href":"https:\/\/api.w.org\/{rel}","templated":true}]}}