{"id":10718,"date":"2021-02-24T23:34:51","date_gmt":"2021-02-25T02:34:51","guid":{"rendered":"https:\/\/tvc16.com\/portal\/?p=10718"},"modified":"2021-02-24T23:34:53","modified_gmt":"2021-02-25T02:34:53","slug":"petropolis-vai-sediar-uma-etapa-da-copa-do-mundo-de-mountain-bike-em-abril-de-2022-a-prova-sera-realizada-em-uma-fazenda-no-vale-do-cuiaba","status":"publish","type":"post","link":"https:\/\/tvc16.com\/portal\/2021\/02\/24\/petropolis-vai-sediar-uma-etapa-da-copa-do-mundo-de-mountain-bike-em-abril-de-2022-a-prova-sera-realizada-em-uma-fazenda-no-vale-do-cuiaba\/","title":{"rendered":"Petr\u00f3polis vai sediar uma etapa da Copa do Mundo de Mountain Bike em abril de 2022. A prova ser\u00e1 realizada em uma fazenda no Vale do Cuiab\u00e1"},"content":{"rendered":"\n<p>Nesta ter\u00e7a-feira (23), o prefeito interino Hingo Hammes recebeu o embaixador da competi\u00e7\u00e3o no pa\u00eds, o ciclista petropolitano Henrique Avancini, primeiro brasileiro a conquistar uma etapa do torneio. Tamb\u00e9m participaram do encontro secret\u00e1rios municipais, empres\u00e1rios do ramo de hotelaria, guias tur\u00edsticos e os organizadores da prova. <\/p>\n\n\n\n<p>&#8220;\u00c9 um sonho valorizar o turismo esportivo em Petr\u00f3polis. Trouxemos a Copa Internacional de Mountain Bike em 2019 e foi um grande sucesso. Tamb\u00e9m criamos a Copa Imperial de Mountain Bike que foi um sucesso em dois anos. Agrade\u00e7o o empenho e o apoio do Henrique Avancini, que acredita no potencial da nossa cidade e luta para que tudo isso aconte\u00e7a em Petr\u00f3polis&#8221;, destacou o prefeito interino Hingo Hammes.<\/p>\n\n\n\n<p>A realiza\u00e7\u00e3o do evento em Petr\u00f3polis marca o retorno da competi\u00e7\u00e3o ao Brasil ap\u00f3s 17 anos. A \u00faltima realiza\u00e7\u00e3o no pa\u00eds foi em 2004. Essa competi\u00e7\u00e3o \u00e9 considerada, ao lado da Tour de France, o principal evento cicl\u00edstico mundial. &#8220;Estou muito feliz. Essa \u00e9 uma competi\u00e7\u00e3o grandiosa, da qual participam os principais ciclistas do planeta. Meu papel como atleta \u00e9 difundir o esporte, al\u00e9m de divulgar a cidade que eu tanto amo. \u00c9 uma satisfa\u00e7\u00e3o enorme e uma grande alegria participar desse momento&#8221;, disse Henrique Avancini.<\/p>\n\n\n\n<p>Para o presidente do Instituto Municipal de Cultura e Esportes (IMCE), Leandro Kronemberger, a competi\u00e7\u00e3o \u00e9 uma forma de valorizar o atleta local. \u201cTemos a felicidade de contar com o Avancini, que \u00e9 um destaque mundial da modalidade, e leva o nome de Petr\u00f3polis para todos os lugares. \u00c9 significativo, pois demonstra que estamos atentos a todas as modalidades esportivas\u201d.<\/p>\n\n\n\n<p>Segundo Samir El Ghaoui, secret\u00e1rio da Turispetro, o evento deve movimentar toda a cadeia de turismo na Cidade, com aproveitamento da maior parte dos seis mil leitos existentes no munic\u00edpio. \u201cAl\u00e9m da relev\u00e2ncia esportiva, o turismo tamb\u00e9m ser\u00e1 muito beneficiado. Chegar\u00e3o atletas, familiares, torcedores e f\u00e3s do esporte de todo o pa\u00eds. Isso movimenta hot\u00e9is, com\u00e9rcio, restaurantes, sendo importante para a nossa economia\u201d, comentou.<\/p>\n\n\n\n<figure class=\"wp-block-image size-large\"><img loading=\"lazy\" decoding=\"async\" width=\"1024\" height=\"682\" src=\"https:\/\/tvc16.com\/portal\/wp-content\/uploads\/2021\/02\/IMG-20210224-WA0038-1024x682.jpg\" alt=\"\" class=\"wp-image-10719\" srcset=\"https:\/\/tvc16.com\/portal\/wp-content\/uploads\/2021\/02\/IMG-20210224-WA0038-1024x682.jpg 1024w, https:\/\/tvc16.com\/portal\/wp-content\/uploads\/2021\/02\/IMG-20210224-WA0038-300x200.jpg 300w, https:\/\/tvc16.com\/portal\/wp-content\/uploads\/2021\/02\/IMG-20210224-WA0038-768x512.jpg 768w, https:\/\/tvc16.com\/portal\/wp-content\/uploads\/2021\/02\/IMG-20210224-WA0038-900x600.jpg 900w, https:\/\/tvc16.com\/portal\/wp-content\/uploads\/2021\/02\/IMG-20210224-WA0038.jpg 1280w\" sizes=\"auto, (max-width: 1024px) 100vw, 1024px\" \/><\/figure>\n\n\n\n<p><\/p>\n\n\n\n<p>O mercado brasileiro de ciclismo vem crescendo de forma est\u00e1vel j\u00e1 h\u00e1 alguns anos. Segundo a Abraciclo, o crescimento da produ\u00e7\u00e3o no Brasil em 2020 foi de 12,8%, com um total de 750 mil bicicletas fabricadas. Um dos motivos desse aumento \u00e9 a bike entrando no dia a dia do brasileiro durante a pandemia, como explica Rog\u00e9rio Bernardes, organizador do evento.<\/p>\n\n\n\n<p>\u201cEssa conquista representa muito n\u00e3o s\u00f3 para n\u00f3s e para o Henrique, mas para o ciclismo brasileiro, que ser\u00e1 mais uma vez o centro do mapa mundial do esporte em 2022. Vamos fazer o melhor trabalho poss\u00edvel para que a Copa do Mundo n\u00e3o saia nunca mais do Brasil. E tenho certeza que a torcida brasileira vai eletrizar e fazer hist\u00f3ria\u201d, contou Rog\u00e9rio.<\/p>\n","protected":false},"excerpt":{"rendered":"<p>Nesta ter\u00e7a-feira (23), o prefeito interino Hingo Hammes recebeu o embaixador da competi\u00e7\u00e3o no pa\u00eds,<\/p>\n","protected":false},"author":2,"featured_media":10720,"comment_status":"open","ping_status":"open","sticky":false,"template":"","format":"standard","meta":{"footnotes":""},"categories":[12],"tags":[],"class_list":["post-10718","post","type-post","status-publish","format-standard","has-post-thumbnail","hentry","category-cidade"],"_links":{"self":[{"href":"https:\/\/tvc16.com\/portal\/wp-json\/wp\/v2\/posts\/10718","targetHints":{"allow":["GET"]}}],"collection":[{"href":"https:\/\/tvc16.com\/portal\/wp-json\/wp\/v2\/posts"}],"about":[{"href":"https:\/\/tvc16.com\/portal\/wp-json\/wp\/v2\/types\/post"}],"author":[{"embeddable":true,"href":"https:\/\/tvc16.com\/portal\/wp-json\/wp\/v2\/users\/2"}],"replies":[{"embeddable":true,"href":"https:\/\/tvc16.com\/portal\/wp-json\/wp\/v2\/comments?post=10718"}],"version-history":[{"count":1,"href":"https:\/\/tvc16.com\/portal\/wp-json\/wp\/v2\/posts\/10718\/revisions"}],"predecessor-version":[{"id":10721,"href":"https:\/\/tvc16.com\/portal\/wp-json\/wp\/v2\/posts\/10718\/revisions\/10721"}],"wp:featuredmedia":[{"embeddable":true,"href":"https:\/\/tvc16.com\/portal\/wp-json\/wp\/v2\/media\/10720"}],"wp:attachment":[{"href":"https:\/\/tvc16.com\/portal\/wp-json\/wp\/v2\/media?parent=10718"}],"wp:term":[{"taxonomy":"category","embeddable":true,"href":"https:\/\/tvc16.com\/portal\/wp-json\/wp\/v2\/categories?post=10718"},{"taxonomy":"post_tag","embeddable":true,"href":"https:\/\/tvc16.com\/portal\/wp-json\/wp\/v2\/tags?post=10718"}],"curies":[{"name":"wp","href":"https:\/\/api.w.org\/{rel}","templated":true}]}}