{"id":10722,"date":"2021-02-24T23:52:02","date_gmt":"2021-02-25T02:52:02","guid":{"rendered":"https:\/\/tvc16.com\/portal\/?p=10722"},"modified":"2021-02-25T00:00:25","modified_gmt":"2021-02-25T03:00:25","slug":"mostra-quilombo-virtual-e-uma-iniciativa-da-casa-de-cultura-rane-fundada-em-2019-e-atua-na-militancia-politica-e-cultural-para-fortalecer-as-atividades-artisticas-negra","status":"publish","type":"post","link":"https:\/\/tvc16.com\/portal\/2021\/02\/24\/mostra-quilombo-virtual-e-uma-iniciativa-da-casa-de-cultura-rane-fundada-em-2019-e-atua-na-militancia-politica-e-cultural-para-fortalecer-as-atividades-artisticas-negra\/","title":{"rendered":"Mostra Quilombo Virtual \u00e9 uma iniciativa da Casa de Cultura Rane, fundada em 2019, e atua na milit\u00e2ncia pol\u00edtica e cultural para fortalecer as atividades art\u00edsticas negra"},"content":{"rendered":"\n<p>Quilombo Virtual enaltece, por meio da arte, a cultura preta em Petr\u00f3polis <\/p>\n\n\n\n<p><br>A Mostra de Artes Quilombo Virtual ser\u00e1 nesta sexta-feira(26) e no pr\u00f3ximo s\u00e1bado (27). O evento ter\u00e1 atra\u00e7\u00f5es totalmente virtuais, apresentadas pelo canal do Youtube do projeto Rane &#8211; Casa de Cultura negra (https:\/\/www.youtube.com\/watch?v=9le3_qgJLY4). A abertura ser\u00e1 na sexta-feira (26), \u00e0s 19h, com live, exposi\u00e7\u00e3o fotogr\u00e1fica e performance teatral . No dia seguinte a programa\u00e7\u00e3o continua a partir das 11h e,  at\u00e9 as 20h do s\u00e1bado (27), o p\u00fablico poder\u00e1 participar de diversas intera\u00e7\u00f5es voltadas para resgatar e valorizar a manifesta\u00e7\u00e3o art\u00edstica negra. A iniciativa visa intensificar a\u00e7\u00f5es de combate ao racismo e enaltecer a arte negra da Cidade, por meio de diferentes linguagens como teatro, dan\u00e7a, m\u00fasica, conta\u00e7\u00e3o de hist\u00f3rias, bate papos (lives) e poesia.<br>A performance teatral \u201cTentam nos matar, mas hoje eu n\u00e3o morro\u201d completa as atra\u00e7\u00f5es do primeiro dia de evento. Com texto que prop\u00f5e uma reflex\u00e3o sobre a viol\u00eancia que atinge as mulheres pretas na hora do parto.<br>No s\u00e1bado as atra\u00e7\u00f5es ser\u00e3o diversas ao longo do dia. O p\u00fablico que estiver conectado no evento vai acompanhar diferentes manifesta\u00e7\u00f5es art\u00edsticas. Entre elas, a performance \u201cDentro do Corpo\u201d, do ator Maicon Vianna, que prop\u00f5e reflex\u00e3o po\u00e9tica sobre a estigmatiza\u00e7\u00e3o do corpo preto. <\/p>\n\n\n\n<figure class=\"wp-block-image size-large is-style-rounded\"><img loading=\"lazy\" decoding=\"async\" width=\"753\" height=\"602\" src=\"https:\/\/tvc16.com\/portal\/wp-content\/uploads\/2021\/02\/Agua-de-Marte-Performance-Matheus-Almeida.jpeg\" alt=\"\" class=\"wp-image-10725\" srcset=\"https:\/\/tvc16.com\/portal\/wp-content\/uploads\/2021\/02\/Agua-de-Marte-Performance-Matheus-Almeida.jpeg 753w, https:\/\/tvc16.com\/portal\/wp-content\/uploads\/2021\/02\/Agua-de-Marte-Performance-Matheus-Almeida-300x240.jpeg 300w\" sizes=\"auto, (max-width: 753px) 100vw, 753px\" \/><\/figure>\n\n\n\n<p>O ator Matheus Almeida participa com a performance \u201c\u00c1gua de Marte\u201d, com um texto que prop\u00f5e a aproxima\u00e7\u00e3o do corpo com o universo. O trabalho aborda o processo de liberta\u00e7\u00e3o da auto rejei\u00e7\u00e3o e da aceita\u00e7\u00e3o do pr\u00f3prio corpo. <\/p>\n\n\n\n<p><strong>Programa\u00e7\u00e3o para a crian\u00e7ada<\/strong><\/p>\n\n\n\n<p> A atriz e dan\u00e7arina, Leandra Lima comandar\u00e1 a conta\u00e7\u00e3o de hist\u00f3ria, com a obra \u201cMeninas Negras\u201d, que fala sobre tr\u00eas meninas: Mariana, Dandara e Luandra. O texto aborda as diferen\u00e7as de personalidade e caracter\u00edsticas das personagens que se libertam de seus pensamentos e viajam at\u00e9 as ra\u00edzes Africanas.<br>A m\u00fasica tamb\u00e9m far\u00e1 parte da mostra, com a participa\u00e7\u00e3o de Nicole Pinheiro e Jo\u00e3o Pedro Gomes. Juntos ir\u00e3o interpretar can\u00e7\u00f5es de grandes compositores pretos. A proposta \u00e9 exaltar as ra\u00edzes nos diversos g\u00eaneros, que enaltecem as pot\u00eancias pretas fundamentais para a musicalidade brasileira.<br>A oficina de dan\u00e7a ser\u00e1 ministrada por Sulamita Costa focada na modalidade do Dancehall, dan\u00e7a Afrodiasporica Jamaicana. Essa atra\u00e7\u00e3o ser\u00e1 realizada pela plataforma Zoom, com participa\u00e7\u00e3o mediante inscri\u00e7\u00e3o pelo e-mail ranequilombovirtual@gmail.com. Ser\u00e3o ofertadas 13 vagas para a participa\u00e7\u00e3o a vivo, mas a aula ser\u00e1 disponibilizada pelo Youtube da Casa Cultural Rane.<br>Todas as atra\u00e7\u00f5es ser\u00e3o distribu\u00eddas ao longo do s\u00e1bado, intercalando com v\u00e1rias manifesta\u00e7\u00f5es art\u00edsticas, como a apresenta\u00e7\u00e3o de poesias, oficinas e bate-papo.<\/p>\n\n\n\n<figure class=\"wp-block-image size-large is-style-rounded\"><img loading=\"lazy\" decoding=\"async\" width=\"1024\" height=\"1024\" src=\"https:\/\/tvc16.com\/portal\/wp-content\/uploads\/2021\/02\/FB_IMG_1614221888703-1024x1024.jpg\" alt=\"\" class=\"wp-image-10728\" srcset=\"https:\/\/tvc16.com\/portal\/wp-content\/uploads\/2021\/02\/FB_IMG_1614221888703-1024x1024.jpg 1024w, https:\/\/tvc16.com\/portal\/wp-content\/uploads\/2021\/02\/FB_IMG_1614221888703-300x300.jpg 300w, https:\/\/tvc16.com\/portal\/wp-content\/uploads\/2021\/02\/FB_IMG_1614221888703-150x150.jpg 150w, https:\/\/tvc16.com\/portal\/wp-content\/uploads\/2021\/02\/FB_IMG_1614221888703-768x768.jpg 768w, https:\/\/tvc16.com\/portal\/wp-content\/uploads\/2021\/02\/FB_IMG_1614221888703.jpg 1080w\" sizes=\"auto, (max-width: 1024px) 100vw, 1024px\" \/><figcaption>Simone Gon\u00e7alves &#8211; atriz <\/figcaption><\/figure>\n\n\n\n<p>A atriz, participante e organizadora Simone Gon\u00e7alves pontua a import\u00e2ncia do evento para a classe art\u00edstica da Cidade. \u201cUm projeto com artistas pretos, movimentando o cen\u00e1rio cultural de Petr\u00f3polis com uma proposta extremamente importante, trazer o artista negro para cena num papel de protagonista, resgatar e preservar tradi\u00e7\u00f5es e cultura em nossa cidade que tamb\u00e9m foi constru\u00edda pelo povo preto e faz parte da identidade. S\u00e3o trabalhos lindos, de artistas talentosos e ser\u00e3o vistos e conhecidos. Essa \u00e9 uma conquista valorosa para arte, para nossos artistas e todo p\u00fablico que vai se ver representado em cena\u201d, pontua a atriz.<\/p>\n\n\n\n<figure class=\"wp-block-image size-large is-style-rounded\"><img loading=\"lazy\" decoding=\"async\" width=\"1024\" height=\"576\" src=\"https:\/\/tvc16.com\/portal\/wp-content\/uploads\/2021\/02\/Espetaculo-teatral_Casa-das-Margaridas_com-Simone-Goncalves-e-Cleo-Fernandes-1024x576.jpeg\" alt=\"\" class=\"wp-image-10724\" srcset=\"https:\/\/tvc16.com\/portal\/wp-content\/uploads\/2021\/02\/Espetaculo-teatral_Casa-das-Margaridas_com-Simone-Goncalves-e-Cleo-Fernandes-1024x576.jpeg 1024w, https:\/\/tvc16.com\/portal\/wp-content\/uploads\/2021\/02\/Espetaculo-teatral_Casa-das-Margaridas_com-Simone-Goncalves-e-Cleo-Fernandes-300x169.jpeg 300w, https:\/\/tvc16.com\/portal\/wp-content\/uploads\/2021\/02\/Espetaculo-teatral_Casa-das-Margaridas_com-Simone-Goncalves-e-Cleo-Fernandes-768x432.jpeg 768w, https:\/\/tvc16.com\/portal\/wp-content\/uploads\/2021\/02\/Espetaculo-teatral_Casa-das-Margaridas_com-Simone-Goncalves-e-Cleo-Fernandes.jpeg 1280w\" sizes=\"auto, (max-width: 1024px) 100vw, 1024px\" \/><\/figure>\n\n\n\n<p><br><strong>Rane \u2013 Casa de Cultura Negra<\/strong><\/p>\n\n\n\n<p><br>A mostra Quilombo Virtual \u00e9 mais uma iniciativa da Casa de Cultura Rane, que desde 2019 quando foi fundada, atua na milit\u00e2ncia pol\u00edtica e cultural para fortalecer as atividades art\u00edsticas negra da cidade. \u201c<br>As a\u00e7\u00f5es da Rane \u2013 Casa de Cultura Negra podem ser acompanhadas pelas redes sociais do projeto.<br>Programa\u00e7\u00e3o Quilombo Virtual:<br>26\/2<br>19h \u2013 abertura \u2013 Live com temas: Casa Rane, Denegrindo e a Negritude na Cidade de Petr\u00f3polis<br>20h \u2013 Exposi\u00e7\u00e3o \u2013 A Mulher Maracan\u00e3<br>20h30 \u2013 Tentam nos matar, mas hoje eu n\u00e3o morro<\/p>\n\n\n\n<p>27\/2<br>11h \u2013 Conta\u00e7\u00e3o de hist\u00f3ria, com a atriz Leandra Lima<br>11h30 \u2013 Oficina Abayomi\/turbande, com Soninha Maracan\u00e3<br>14h \u2013 Bate papo, com ator Ariel Barbosa<br>14h30 \u2013 Poesia Negra, com o grupo Denegrindo<br>15h \u2013 Performance de dan\u00e7a, com Vin\u00edcius Francisco<br>15h30 \u2013 Poesia, com Geraldo de Souza<br>16h \u2013 Live<br>17h \u2013 Apresenta\u00e7\u00e3o do espet\u00e1culo teatral Casa das Margaridas, com Simone Gon\u00e7alves e Cleo Fernandes<br>17h30 \u2013 Slam (poesia falada), com o ator Isaque<br>18h \u2013 Performance teatral Dentro do Corpo, com Maicon Vianna<br>19h \u2013 apresenta\u00e7\u00e3o M\u00fasica de Preto, com Nicole Pinheiro<br>19h \u2013 Performance teatral \u00c1gua de Marte, com Matheus Almeida<br>19h \u2013 Oficina de dan\u00e7a, com Sulamita Costa (pelo Zoom)<br>20h &#8211; Encerramento<\/p>\n","protected":false},"excerpt":{"rendered":"<p>Quilombo Virtual enaltece, por meio da arte, a cultura preta em Petr\u00f3polis A Mostra de<\/p>\n","protected":false},"author":2,"featured_media":10723,"comment_status":"open","ping_status":"open","sticky":false,"template":"","format":"standard","meta":{"footnotes":""},"categories":[12],"tags":[],"class_list":["post-10722","post","type-post","status-publish","format-standard","has-post-thumbnail","hentry","category-cidade"],"_links":{"self":[{"href":"https:\/\/tvc16.com\/portal\/wp-json\/wp\/v2\/posts\/10722","targetHints":{"allow":["GET"]}}],"collection":[{"href":"https:\/\/tvc16.com\/portal\/wp-json\/wp\/v2\/posts"}],"about":[{"href":"https:\/\/tvc16.com\/portal\/wp-json\/wp\/v2\/types\/post"}],"author":[{"embeddable":true,"href":"https:\/\/tvc16.com\/portal\/wp-json\/wp\/v2\/users\/2"}],"replies":[{"embeddable":true,"href":"https:\/\/tvc16.com\/portal\/wp-json\/wp\/v2\/comments?post=10722"}],"version-history":[{"count":2,"href":"https:\/\/tvc16.com\/portal\/wp-json\/wp\/v2\/posts\/10722\/revisions"}],"predecessor-version":[{"id":10729,"href":"https:\/\/tvc16.com\/portal\/wp-json\/wp\/v2\/posts\/10722\/revisions\/10729"}],"wp:featuredmedia":[{"embeddable":true,"href":"https:\/\/tvc16.com\/portal\/wp-json\/wp\/v2\/media\/10723"}],"wp:attachment":[{"href":"https:\/\/tvc16.com\/portal\/wp-json\/wp\/v2\/media?parent=10722"}],"wp:term":[{"taxonomy":"category","embeddable":true,"href":"https:\/\/tvc16.com\/portal\/wp-json\/wp\/v2\/categories?post=10722"},{"taxonomy":"post_tag","embeddable":true,"href":"https:\/\/tvc16.com\/portal\/wp-json\/wp\/v2\/tags?post=10722"}],"curies":[{"name":"wp","href":"https:\/\/api.w.org\/{rel}","templated":true}]}}