{"id":10731,"date":"2021-02-25T12:20:31","date_gmt":"2021-02-25T15:20:31","guid":{"rendered":"https:\/\/tvc16.com\/portal\/?p=10731"},"modified":"2021-02-25T12:20:33","modified_gmt":"2021-02-25T15:20:33","slug":"secretaria-de-saude-confirma-morte-de-idosa-por-covid-19","status":"publish","type":"post","link":"https:\/\/tvc16.com\/portal\/2021\/02\/25\/secretaria-de-saude-confirma-morte-de-idosa-por-covid-19\/","title":{"rendered":"Secretaria de Sa\u00fade confirma morte de idosa por covid-19"},"content":{"rendered":"\n<p>O boletim epidemiol\u00f3gico da Secretaria de Sa\u00fade desta quarta -feira (24\/02) mostra que Petr\u00f3polis fez, at\u00e9 agora,123.027 testes para Covid-19, com 20.090&nbsp;&nbsp;resultados positivos e 94.559 negativos (levando em considera\u00e7\u00e3o testes r\u00e1pidos e Swab).&nbsp;&nbsp;Um \u00f3bito foi confirmado nesta quarta-feira.<\/p>\n\n\n\n<p>Neste momento, 74 pessoas est\u00e3o internadas em leitos de UTI privados e pelo SUS. Outras 67 est\u00e3o em leitos cl\u00ednicos, considerando leitos privados e SUS, totalizando assim, 141 interna\u00e7\u00f5es em toda a rede da cidade. A ocupa\u00e7\u00e3o de leitos cl\u00ednicos pelo SUS \u00e9 de 58,18% e 48,94% em leitos de UTI.<\/p>\n\n\n\n<p>A Secretaria de Sa\u00fade esclarece que o n\u00famero de \u00f3bitos, hoje em 542 \u00e9 atualizado nos boletins apenas ap\u00f3s o registro do atestado de \u00f3bito e do resultado do exame do paciente no sistema da Vigil\u00e2ncia Epidemiol\u00f3gica, o que \u00e9 feito por equipe administrativa. Trata-se de medida de seguran\u00e7a para evitar erro na informa\u00e7\u00e3o divulgada pela Secretaria de Sa\u00fade.<\/p>\n\n\n\n<p>Acrescenta, ainda, que trabalha na atualiza\u00e7\u00e3o de dados de notifica\u00e7\u00f5es e casos em an\u00e1lise no sistema, inserindo dados n\u00e3o lan\u00e7ados no fim do ano. \u00c9 poss\u00edvel acompanhar a evolu\u00e7\u00e3o dos casos no portal da transpar\u00eancia do coronav\u00edrus, no site da Prefeitura (www.petropolis.rj.gov.br)<\/p>\n\n\n\n<p>&nbsp;\u00d3bito registrado<\/p>\n\n\n\n<p>Mulher, 67 anos, moradora do Morin. Internada em 09.02.21 na UPA-Cascatinha e transferida para o HNSA em 13.02.21. \u00d3bito registrado no dia 20.02.21. Paciente tinha Hipertens\u00e3o Arterial e Diabetes.<\/p>\n","protected":false},"excerpt":{"rendered":"<p>O boletim epidemiol\u00f3gico da Secretaria de Sa\u00fade desta quarta -feira (24\/02) mostra que Petr\u00f3polis fez,<\/p>\n","protected":false},"author":2,"featured_media":10732,"comment_status":"open","ping_status":"open","sticky":false,"template":"","format":"standard","meta":{"footnotes":""},"categories":[12],"tags":[],"class_list":["post-10731","post","type-post","status-publish","format-standard","has-post-thumbnail","hentry","category-cidade"],"_links":{"self":[{"href":"https:\/\/tvc16.com\/portal\/wp-json\/wp\/v2\/posts\/10731","targetHints":{"allow":["GET"]}}],"collection":[{"href":"https:\/\/tvc16.com\/portal\/wp-json\/wp\/v2\/posts"}],"about":[{"href":"https:\/\/tvc16.com\/portal\/wp-json\/wp\/v2\/types\/post"}],"author":[{"embeddable":true,"href":"https:\/\/tvc16.com\/portal\/wp-json\/wp\/v2\/users\/2"}],"replies":[{"embeddable":true,"href":"https:\/\/tvc16.com\/portal\/wp-json\/wp\/v2\/comments?post=10731"}],"version-history":[{"count":1,"href":"https:\/\/tvc16.com\/portal\/wp-json\/wp\/v2\/posts\/10731\/revisions"}],"predecessor-version":[{"id":10733,"href":"https:\/\/tvc16.com\/portal\/wp-json\/wp\/v2\/posts\/10731\/revisions\/10733"}],"wp:featuredmedia":[{"embeddable":true,"href":"https:\/\/tvc16.com\/portal\/wp-json\/wp\/v2\/media\/10732"}],"wp:attachment":[{"href":"https:\/\/tvc16.com\/portal\/wp-json\/wp\/v2\/media?parent=10731"}],"wp:term":[{"taxonomy":"category","embeddable":true,"href":"https:\/\/tvc16.com\/portal\/wp-json\/wp\/v2\/categories?post=10731"},{"taxonomy":"post_tag","embeddable":true,"href":"https:\/\/tvc16.com\/portal\/wp-json\/wp\/v2\/tags?post=10731"}],"curies":[{"name":"wp","href":"https:\/\/api.w.org\/{rel}","templated":true}]}}