{"id":10734,"date":"2021-02-25T12:21:51","date_gmt":"2021-02-25T15:21:51","guid":{"rendered":"https:\/\/tvc16.com\/portal\/?p=10734"},"modified":"2021-02-25T12:21:53","modified_gmt":"2021-02-25T15:21:53","slug":"secretaria-de-educacao-pede-atencao-aos-pais-e-ou-responsaveis-para-horarios-de-retirada-dos-cartoes-do-programa-merenda-certa","status":"publish","type":"post","link":"https:\/\/tvc16.com\/portal\/2021\/02\/25\/secretaria-de-educacao-pede-atencao-aos-pais-e-ou-responsaveis-para-horarios-de-retirada-dos-cartoes-do-programa-merenda-certa\/","title":{"rendered":"Secretaria de Educa\u00e7\u00e3o pede aten\u00e7\u00e3o aos pais e\/ou respons\u00e1veis para hor\u00e1rios de retirada dos cart\u00f5es do programa Merenda Certa"},"content":{"rendered":"\n<p>A Secretaria de Educa\u00e7\u00e3o est\u00e1 pedindo que pais e\/ou respons\u00e1veis por alunos da rede municipal de ensino fiquem atentos aos hor\u00e1rios de retirada dos cart\u00f5es do Programa Merenda Certa nas escolas onde os mesmos est\u00e3o matriculados. A preocupa\u00e7\u00e3o \u00e9 organizar a entrega e evitar aglomera\u00e7\u00f5es. Os cart\u00f5es come\u00e7aram a ser entregues nesta quarta-feira (24), seguindo calend\u00e1rio espec\u00edfico que est\u00e1 sendo divulgado pela secretaria conforme a empresa contratada entrega os cart\u00f5es ao munic\u00edpio.<\/p>\n\n\n\n<p>Neste primeiro dia de entrega, os cart\u00f5es foram liberados para alunos de 17 unidades de ensino. Nesta quinta-feira, estudantes de outras 39 escolas e\/ou Centros de Educa\u00e7\u00e3o Infantil (CEIs) receber\u00e3o os cart\u00f5es e na sexta-feira, alunos de outras seis unidades. \u201cPedimos que os pais compare\u00e7am \u00e0 escola no hor\u00e1rio especificado pela equipe gestora da unidade de ensino, que est\u00e1 agendando hor\u00e1rios diferentes para cada turma. No hor\u00e1rio marcado, eles receber\u00e3o os cart\u00f5es, que ser\u00e3o entregues com o cr\u00e9dito de R$ 70 referente ao m\u00eas de fevereiro\u201d, afirmou a secret\u00e1ria municipal de Educa\u00e7\u00e3o, M\u00e1rcia Palma.<\/p>\n\n\n\n<p>A data de entrega dos demais cart\u00f5es a alunos das escolas restantes ser\u00e1 definida nesta quinta-feira (25). \u201c\u00c9 um programa importante para as fam\u00edlias de alunos da rede municipal de ensino neste momento de pandemia. Assumimos o compromisso de manter o programa e \u00e9 o que estamos fazendo\u201d, afirmou o prefeito interino Hingo Hammes.<\/p>\n\n\n\n<p>A secret\u00e1ria de Educa\u00e7\u00e3o lembrou que a entrega dos cart\u00f5es est\u00e1 sendo feita agora porque foi necess\u00e1rio abrir processo para contrata\u00e7\u00e3o de prestadora do servi\u00e7o no m\u00eas de janeiro, j\u00e1 que o contrato anterior havia sido encerrado em dezembro. \u201cFoi preciso concluir o processo e a empresa trabalha na confec\u00e7\u00e3o dos novos cart\u00f5es. Estamos fazendo a distribui\u00e7\u00e3o dos cart\u00f5es \u00e0s escolas conforme a empresa faz a entrega. \u00c9 importante que os pais ou respons\u00e1veis fiquem atentos ao calend\u00e1rio, observando as datas, e busquem junto \u00e0 unidade gestora da escola onde a crian\u00e7a est\u00e1 matriculada informa\u00e7\u00e3o sobre o hor\u00e1rio para retirada dos cart\u00f5es\u201d, orientou, lembrando que os antigos cart\u00f5es devem ser descartados e que alunos matriculados ap\u00f3s 15 de fevereiro na rede municipal de ensino receber\u00e3o os cart\u00f5es posteriormente, na segunda remessa.<\/p>\n\n\n\n<p>Confira o calend\u00e1rio:<\/p>\n\n\n\n<p>*\u00c9 necess\u00e1rio comparecer \u00e0 escola no hor\u00e1rio agendado pela equipe gestora. Em caso de d\u00favidas, entre em contato com a escola!<\/p>\n\n\n\n<p>As seguintes escolas fizeram a distribui\u00e7\u00e3o dos cart\u00f5es nesta quarta-feira, dia 24:<\/p>\n\n\n\n<p>E.M.Abelardo de Lamare<br>E.M.Bataillard<br>E.M.Leonardo Boff<br>E.M.Clemente Fernandes<br>E.M.Dom Pedro de Alc\u00e2ntara<br>E.M.Duque de Caxias<br>E.M.Luiz Carlos Soares<br>E.M.General Heitor Borges<br>E.M.Jo\u00e3o Kopke<br>E.M.Odette Fonseca<br>E.M.Gov. Marcello Alencar<br>E.M.Joaquim Deister<br>E.M.Robert Kennedy<br>E.M.Rotary<br>E.M.Rosalina Nicolay<br>E.M.Ed.Esp. Santos Dumont<br>E.M.Soroptimista<\/p>\n\n\n\n<p>As seguintes escolas far\u00e3o a distribui\u00e7\u00e3o dos cart\u00f5es na quinta-feira, dia 25:<\/p>\n\n\n\n<p>E.M.Major J\u00falio Frederico Koeler<br>E.M.Marieta Gon\u00e7alves<br>E.M.Odette Young Monteiro<br>E.M.F\u00e1brica do Saber<br>E.M.Antonio Leite Garcia<br>E.M. Prof. Paulo Monte<br>E.M. Rosemira de Oliveira Cavalcanti<br>E.M.Am\u00e9lia Antunes Rabello<br>E.M.Augusto Pugnaloni<br>E.M.Celina Schechener<br>E.M.Darcy Correa da Veiga<br>E.M.Paula Buarque<br>E.M.Dr.Theodoro Machado<br>E.M.Arnaldo Dyckerhoff<br>E.M.Carlos Canedo<br>E.M. Dr. Barros Franco<br>E.M.Major Theofilo de Carvalho<br>E.M. Taquaril<br>E.M. Beatriz Zaleski<br>E.M. Antonio Jos\u00e9 de Lima<br>E.M. Felix Wan Erven de Barros<br>E.M. Hildebrando de Carvalho<br>E.M. Oswaldo da Costa Frias<br>E.Mzda. Carmen Nunes Martins<br>E.Mzda. Avelino de Carvalho<br>E.M. Geraldo Ventura Dias<br>E.M. Salvador Kling<br>E.M. Prefeito Jamil Sabr\u00e1<br>Liceu Municipal Carlos Chagas Filho<br>E.M. Vereador Jos\u00e9 Fernandes da Silva<br>E.M. Ana Mohammad<br>E.M. Alto Independ\u00eancia<br>E.M. Almirante Tamandar\u00e9<br>E. Mzada. Frei Aniceto (CEI)<br>E.M. Pedro Amado<br>E.M. Professora Maria da Gl\u00f3ria Vasconcellos<br>E.M. Sebasti\u00e3o Lacerda<br>E.M.L\u00facia de Almeida<br>E.M.Magdalena Tagliaferro<\/p>\n\n\n\n<p>As seguintes escolas far\u00e3o a distribui\u00e7\u00e3o dos cart\u00f5es na sexta-feira, dia 26:<\/p>\n\n\n\n<p>Liceu Municipal Prefeito Cordolino Ambr\u00f3sio<br>E.M. Prof. Josemar Contage<br>E.M. Americo Fernandes Ribeiro<br>E.M. Monsenhor Cirilo Calaon<br>E.M. Paulo Saldanha<br>E.M. Fl\u00e1vio Maciel<\/p>\n\n\n\n<p>A data de entrega dos cart\u00f5es dos alunos das demais escolas ser\u00e1 divulgado nesta quinta-feira.<\/p>\n","protected":false},"excerpt":{"rendered":"<p>A Secretaria de Educa\u00e7\u00e3o est\u00e1 pedindo que pais e\/ou respons\u00e1veis por alunos da rede municipal<\/p>\n","protected":false},"author":2,"featured_media":10735,"comment_status":"open","ping_status":"open","sticky":false,"template":"","format":"standard","meta":{"footnotes":""},"categories":[12],"tags":[],"class_list":["post-10734","post","type-post","status-publish","format-standard","has-post-thumbnail","hentry","category-cidade"],"_links":{"self":[{"href":"https:\/\/tvc16.com\/portal\/wp-json\/wp\/v2\/posts\/10734","targetHints":{"allow":["GET"]}}],"collection":[{"href":"https:\/\/tvc16.com\/portal\/wp-json\/wp\/v2\/posts"}],"about":[{"href":"https:\/\/tvc16.com\/portal\/wp-json\/wp\/v2\/types\/post"}],"author":[{"embeddable":true,"href":"https:\/\/tvc16.com\/portal\/wp-json\/wp\/v2\/users\/2"}],"replies":[{"embeddable":true,"href":"https:\/\/tvc16.com\/portal\/wp-json\/wp\/v2\/comments?post=10734"}],"version-history":[{"count":1,"href":"https:\/\/tvc16.com\/portal\/wp-json\/wp\/v2\/posts\/10734\/revisions"}],"predecessor-version":[{"id":10736,"href":"https:\/\/tvc16.com\/portal\/wp-json\/wp\/v2\/posts\/10734\/revisions\/10736"}],"wp:featuredmedia":[{"embeddable":true,"href":"https:\/\/tvc16.com\/portal\/wp-json\/wp\/v2\/media\/10735"}],"wp:attachment":[{"href":"https:\/\/tvc16.com\/portal\/wp-json\/wp\/v2\/media?parent=10734"}],"wp:term":[{"taxonomy":"category","embeddable":true,"href":"https:\/\/tvc16.com\/portal\/wp-json\/wp\/v2\/categories?post=10734"},{"taxonomy":"post_tag","embeddable":true,"href":"https:\/\/tvc16.com\/portal\/wp-json\/wp\/v2\/tags?post=10734"}],"curies":[{"name":"wp","href":"https:\/\/api.w.org\/{rel}","templated":true}]}}