{"id":10740,"date":"2021-02-25T12:26:04","date_gmt":"2021-02-25T15:26:04","guid":{"rendered":"https:\/\/tvc16.com\/portal\/?p=10740"},"modified":"2021-02-25T12:26:06","modified_gmt":"2021-02-25T15:26:06","slug":"mprj-denuncia-delegado-de-policia-que-ameacou-e-apontou-arma-para-motoboy-em-copacabana","status":"publish","type":"post","link":"https:\/\/tvc16.com\/portal\/2021\/02\/25\/mprj-denuncia-delegado-de-policia-que-ameacou-e-apontou-arma-para-motoboy-em-copacabana\/","title":{"rendered":"MPRJ denuncia delegado de pol\u00edcia que amea\u00e7ou e apontou arma para motoboy em Copacabana"},"content":{"rendered":"\n<p>O\u00a0Minist\u00e9rio P\u00fablico do Estado do Rio de Janeiro (MPRJ), por meio da 3\u00aa Promotoria de Justi\u00e7a de Investiga\u00e7\u00e3o Penal Especializada do N\u00facleo Rio de Janeiro, \u00a0denunciou o delegado de pol\u00edcia Luiz Augusto Mattos Braga por les\u00e3o corporal, constrangimento ilegal e por exigir cumprimento de obriga\u00e7\u00e3o sem amparo legal. O denunciado amea\u00e7ou e for\u00e7ou sua arma contra a boca de um entregador que estava com a motocicleta estacionada em uma vaga que o delegado desejava utilizar.<\/p>\n\n\n\n<p><br>A den\u00fancia oferecida junto \u00e0 40\u00aa Vara Criminal da Capital narra que na noite do dia 6 de novembro de 2020, em Copacabana, o delegado conduzia seu ve\u00edculo pela Rua Santa Clara, quando resolveu estacionar em um local que estava ocupado por diversas motocicletas que prestam servi\u00e7o de entrega, uma vez que ali funcionava um restaurante. O denunciado desembarcou do carro, puxou um distintivo da Pol\u00edcia Civil, exibiu arma de fogo invocando sua fun\u00e7\u00e3o p\u00fablica e se dirigiu \u00e0s v\u00edtimas e demais motociclistas mandando que retirassem as motocicletas. Alegou tamb\u00e9m que aquele ve\u00edculo era uma viatura e estacionaria ali, caso contr\u00e1rio, determinaria que as motocicletas fossem rebocadas.<\/p>\n\n\n\n<p><br>Neste momento, a v\u00edtima pegou o pedido de sua encomenda e subiu na sua motocicleta, oportunidade em que o denunciado sacou sua arma e amea\u00e7ou de morte o entregador (&#8220;Voc\u00ea quer que eu te mate aqui? Abre a boca&#8221;). Ainda de acordo com a den\u00fancia, o delegado tamb\u00e9m o agrediu, tentando introduzir a for\u00e7a o cano da arma dentro da boca da v\u00edtima, provocando les\u00f5es.<\/p>\n\n\n\n<p><br>O MPRJ requereu ainda ao Ju\u00edzo, considerando a gravidade do delito, a proibi\u00e7\u00e3o ao denunciado de manter contato com as v\u00edtimas dos crimes e das testemunhas, al\u00e9m da suspens\u00e3o do exerc\u00edcio de fun\u00e7\u00e3o policial e do porte de arma.<\/p>\n\n\n\n<p>Foto: internet<\/p>\n","protected":false},"excerpt":{"rendered":"<p>O\u00a0Minist\u00e9rio P\u00fablico do Estado do Rio de Janeiro (MPRJ), por meio da 3\u00aa Promotoria de<\/p>\n","protected":false},"author":2,"featured_media":10741,"comment_status":"open","ping_status":"open","sticky":false,"template":"","format":"standard","meta":{"footnotes":""},"categories":[1],"tags":[],"class_list":["post-10740","post","type-post","status-publish","format-standard","has-post-thumbnail","hentry","category-uncategorized"],"_links":{"self":[{"href":"https:\/\/tvc16.com\/portal\/wp-json\/wp\/v2\/posts\/10740","targetHints":{"allow":["GET"]}}],"collection":[{"href":"https:\/\/tvc16.com\/portal\/wp-json\/wp\/v2\/posts"}],"about":[{"href":"https:\/\/tvc16.com\/portal\/wp-json\/wp\/v2\/types\/post"}],"author":[{"embeddable":true,"href":"https:\/\/tvc16.com\/portal\/wp-json\/wp\/v2\/users\/2"}],"replies":[{"embeddable":true,"href":"https:\/\/tvc16.com\/portal\/wp-json\/wp\/v2\/comments?post=10740"}],"version-history":[{"count":1,"href":"https:\/\/tvc16.com\/portal\/wp-json\/wp\/v2\/posts\/10740\/revisions"}],"predecessor-version":[{"id":10742,"href":"https:\/\/tvc16.com\/portal\/wp-json\/wp\/v2\/posts\/10740\/revisions\/10742"}],"wp:featuredmedia":[{"embeddable":true,"href":"https:\/\/tvc16.com\/portal\/wp-json\/wp\/v2\/media\/10741"}],"wp:attachment":[{"href":"https:\/\/tvc16.com\/portal\/wp-json\/wp\/v2\/media?parent=10740"}],"wp:term":[{"taxonomy":"category","embeddable":true,"href":"https:\/\/tvc16.com\/portal\/wp-json\/wp\/v2\/categories?post=10740"},{"taxonomy":"post_tag","embeddable":true,"href":"https:\/\/tvc16.com\/portal\/wp-json\/wp\/v2\/tags?post=10740"}],"curies":[{"name":"wp","href":"https:\/\/api.w.org\/{rel}","templated":true}]}}