{"id":10743,"date":"2021-02-25T12:27:39","date_gmt":"2021-02-25T15:27:39","guid":{"rendered":"https:\/\/tvc16.com\/portal\/?p=10743"},"modified":"2021-02-25T12:27:41","modified_gmt":"2021-02-25T15:27:41","slug":"contribuinte-pode-baixar-programa-da-declaracao-do-ir-a-partir-de-hoje","status":"publish","type":"post","link":"https:\/\/tvc16.com\/portal\/2021\/02\/25\/contribuinte-pode-baixar-programa-da-declaracao-do-ir-a-partir-de-hoje\/","title":{"rendered":"Contribuinte pode baixar programa da declara\u00e7\u00e3o do IR a partir de hoje"},"content":{"rendered":"\n<h3 class=\"wp-block-heading\">Prazo de entrega come\u00e7a em 1\u00ba de mar\u00e7o e vai at\u00e9\u00a030 de abril<\/h3>\n\n\n\n<h3 class=\"wp-block-heading\">Por Wellton M\u00e1ximo &#8211; Rep\u00f3rter da Ag\u00eancia Brasil &#8211; Bras\u00edlia<\/h3>\n\n\n\n<p>A partir das 8h desta&nbsp;quinta-feira (25), os contribuintes podem baixar o programa de preenchimento e de entrega da declara\u00e7\u00e3o do Imposto de Renda Pessoa F\u00edsica 2021 (ano-base 2020). O programa para computador estar\u00e1 dispon\u00edvel na&nbsp;<a href=\"http:\/\/www.receita.economia.gov.br\/\" target=\"_blank\" rel=\"noreferrer noopener\">p\u00e1gina da Receita Federal<\/a>&nbsp;na internet.<br><br>O prazo de entrega come\u00e7ar\u00e1 na pr\u00f3xima segunda-feira (1\u00ba), \u00e0s 8h, e ir\u00e1 at\u00e9 as 23h50min59s de&nbsp;30 de abril. Neste ano, o Fisco espera receber at\u00e9 32.619.749 declara\u00e7\u00f5es. No ano passado, foram enviadas 31.980.146 declara\u00e7\u00f5es.<br><br>Pelas estimativas da Receita Federal, 60% das declara\u00e7\u00f5es&nbsp;ter\u00e3o restitui\u00e7\u00e3o de imposto, 21% n\u00e3o&nbsp;ter\u00e3o imposto a pagar nem a restituir e 19%&nbsp;ter\u00e3o imposto a pagar.<br><br>Assim como no ano passado, ser\u00e3o pagos cinco lotes de restitui\u00e7\u00e3o. Os reembolsos ser\u00e3o distribu\u00eddos nas seguintes datas:&nbsp;31 de maio&nbsp;(primeiro lote),&nbsp;30 de junho&nbsp;(segundo lote),&nbsp;30 de julho&nbsp;(terceiro lote),&nbsp;31 de agosto&nbsp;(quarto lote) e&nbsp;30 de setembro&nbsp;(quinto lote).<img decoding=\"async\" src=\"https:\/\/agenciabrasil.ebc.com.br\/ebc.png?id=1402287&amp;o=node\"><img decoding=\"async\" src=\"https:\/\/agenciabrasil.ebc.com.br\/ebc.gif?id=1402287&amp;o=node\"><\/p>\n\n\n\n<h2 class=\"wp-block-heading\">Novidades<\/h2>\n\n\n\n<p>As regras para a entrega da declara\u00e7\u00e3o do Imposto de Renda foram divulgadas&nbsp;ontem&nbsp;(24) pela Receita. Entre as principais novidades, est\u00e1 a obrigatoriedade de&nbsp;<a href=\"https:\/\/agenciabrasil.ebc.com.br\/economia\/noticia\/2021-02\/auxilio-emergencial-e-criptomoedas-deverao-ser-declarados-no-ir\" target=\"_blank\" rel=\"noreferrer noopener\">declarar o aux\u00edlio emergencial<\/a>&nbsp;para&nbsp;quem recebeu mais de R$ 22.847,76 em outros rendimentos tribut\u00e1veis&nbsp;e a cria\u00e7\u00e3o de tr\u00eas campos na ficha \u201cBens e direitos\u201d, para o contribuinte informar criptomoedas e outros ativos eletr\u00f4nicos.<\/p>\n\n\n\n<p>At\u00e9 esta&nbsp;sexta-feira (26), as empresas, os bancos, as demais institui\u00e7\u00f5es financeiras e os planos de sa\u00fade est\u00e3o obrigados a fornecer os comprovantes de rendimentos. O contribuinte, no entanto, pode adiantar o trabalho e&nbsp;<a href=\"https:\/\/agenciabrasil.ebc.com.br\/economia\/noticia\/2021-02\/contribuinte-pode-juntar-documentos-para-declarar-imposto-de-renda\" target=\"_blank\" rel=\"noreferrer noopener\">juntar documentos<\/a>&nbsp;como contracheques e recibos, no caso de rendimentos, e notas fiscais, usadas para comprovar dedu\u00e7\u00f5es.<\/p>\n","protected":false},"excerpt":{"rendered":"<p>Prazo de entrega come\u00e7a em 1\u00ba de mar\u00e7o e vai at\u00e9\u00a030 de abril Por Wellton<\/p>\n","protected":false},"author":2,"featured_media":10745,"comment_status":"open","ping_status":"open","sticky":false,"template":"","format":"standard","meta":{"footnotes":""},"categories":[17],"tags":[],"class_list":["post-10743","post","type-post","status-publish","format-standard","has-post-thumbnail","hentry","category-outras-noticias"],"_links":{"self":[{"href":"https:\/\/tvc16.com\/portal\/wp-json\/wp\/v2\/posts\/10743","targetHints":{"allow":["GET"]}}],"collection":[{"href":"https:\/\/tvc16.com\/portal\/wp-json\/wp\/v2\/posts"}],"about":[{"href":"https:\/\/tvc16.com\/portal\/wp-json\/wp\/v2\/types\/post"}],"author":[{"embeddable":true,"href":"https:\/\/tvc16.com\/portal\/wp-json\/wp\/v2\/users\/2"}],"replies":[{"embeddable":true,"href":"https:\/\/tvc16.com\/portal\/wp-json\/wp\/v2\/comments?post=10743"}],"version-history":[{"count":1,"href":"https:\/\/tvc16.com\/portal\/wp-json\/wp\/v2\/posts\/10743\/revisions"}],"predecessor-version":[{"id":10746,"href":"https:\/\/tvc16.com\/portal\/wp-json\/wp\/v2\/posts\/10743\/revisions\/10746"}],"wp:featuredmedia":[{"embeddable":true,"href":"https:\/\/tvc16.com\/portal\/wp-json\/wp\/v2\/media\/10745"}],"wp:attachment":[{"href":"https:\/\/tvc16.com\/portal\/wp-json\/wp\/v2\/media?parent=10743"}],"wp:term":[{"taxonomy":"category","embeddable":true,"href":"https:\/\/tvc16.com\/portal\/wp-json\/wp\/v2\/categories?post=10743"},{"taxonomy":"post_tag","embeddable":true,"href":"https:\/\/tvc16.com\/portal\/wp-json\/wp\/v2\/tags?post=10743"}],"curies":[{"name":"wp","href":"https:\/\/api.w.org\/{rel}","templated":true}]}}