{"id":10747,"date":"2021-02-25T12:29:28","date_gmt":"2021-02-25T15:29:28","guid":{"rendered":"https:\/\/tvc16.com\/portal\/?p=10747"},"modified":"2021-02-25T12:29:31","modified_gmt":"2021-02-25T15:29:31","slug":"juros-para-familias-e-empresas-sobem-em-janeiro-diz-banco-central","status":"publish","type":"post","link":"https:\/\/tvc16.com\/portal\/2021\/02\/25\/juros-para-familias-e-empresas-sobem-em-janeiro-diz-banco-central\/","title":{"rendered":"Juros para fam\u00edlias e empresas sobem em janeiro, diz Banco Central"},"content":{"rendered":"\n<h3 class=\"wp-block-heading\">Juros do rotativo do cart\u00e3o de cr\u00e9dito influenciaram resultado<\/h3>\n\n\n\n<h3 class=\"wp-block-heading\">Por Andreia Verd\u00e9lio \u2013 Rep\u00f3rter da Ag\u00eancia Brasil &#8211; Bras\u00edlia<\/h3>\n\n\n\n<p>As fam\u00edlias e as empresas pagaram taxas de juros mais altas em janeiro, de acordo com as Estat\u00edsticas Monet\u00e1rias e de Cr\u00e9dito divulgadas hoje (25), pelo Banco Central (BC). A taxa m\u00e9dia de juros para fam\u00edlias no cr\u00e9dito livre chegou a 39,4% ao ano, aumento de 2,2 pontos percentuais em rela\u00e7\u00e3o a dezembro. J\u00e1 a taxa m\u00e9dia para as empresas cresceu 3,5 pontos percentuais, alcan\u00e7ando 15,2% ao ano.<img decoding=\"async\" src=\"https:\/\/agenciabrasil.ebc.com.br\/ebc.png?id=1402321&amp;o=node\"><img decoding=\"async\" src=\"https:\/\/agenciabrasil.ebc.com.br\/ebc.gif?id=1402321&amp;o=node\"><\/p>\n\n\n\n<p>No segmento de pessoas f\u00edsicas, o aumento foi, em parte, influenciado pelo cr\u00e9dito pessoal n\u00e3o consignado, que teve alta de 10,9 pontos percentuais no m\u00eas, alcan\u00e7ando 85,4% ao ano. De acordo com o chefe do Departamento de Estat\u00edsticas do BC, Fernando Rocha, nesse caso, h\u00e1 o impacto das concess\u00f5es de cr\u00e9dito que s\u00e3o feitas em dezembro pelos bancos estaduais aos servidores, a taxas reduzidas. \u201cEnt\u00e3o, isso reduz a taxa em dezembro e aumenta em janeiro, quando n\u00e3o tem essa opera\u00e7\u00e3o espec\u00edfica\u201d, explicou.<\/p>\n\n\n\n<p>Os juros do cr\u00e9dito consignado ca\u00edram 0,3 ponto percentual para 18,9% ao ano. A taxa do cheque especial chegou a 119,6% ao ano em janeiro, aumento de 4 pontos&nbsp;percentuais&nbsp;em rela\u00e7\u00e3o a dezembro de 2020.<\/p>\n\n\n\n<p>Os juros m\u00e9dios do rotativo do cart\u00e3o de cr\u00e9dito tamb\u00e9m influenciaram a alta do cr\u00e9dito para as fam\u00edlias. A taxa chegou a 329,3% ao ano, com alta de 1,5 ponto percentual em janeiro.<\/p>\n\n\n\n<p>No caso do rotativo regular, quando o cliente paga pelo menos o valor m\u00ednimo da fatura, a taxa chegou a 311,7% ao ano, aumento de 9,8 pontos percentuais. J\u00e1 a taxa do rotativo n\u00e3o regular (dos clientes que n\u00e3o pagaram ou atrasaram o pagamento m\u00ednimo da fatura) caiu 5,5 pontos percentuais em rela\u00e7\u00e3o ao m\u00eas anterior e chegou a 342,2% ao ano.<\/p>\n\n\n\n<p>O rotativo \u00e9 o cr\u00e9dito tomado pelo consumidor quando paga menos que o valor integral da fatura do cart\u00e3o. O cr\u00e9dito rotativo dura 30 dias. Ap\u00f3s esse prazo, as institui\u00e7\u00f5es financeiras parcelam a d\u00edvida. Nesse caso, no cart\u00e3o parcelado, a alta foi de 12,6 pontos percentuais, com a taxa de juros ficando em 161,5% ao ano.<\/p>\n\n\n\n<p>De maneira geral, segundo Rocha, a alta dos juros tamb\u00e9m ocorreu em raz\u00e3o do aumento das taxas pelos bancos.<\/p>\n\n\n\n<h2 class=\"wp-block-heading\">Pessoas jur\u00eddicas<\/h2>\n\n\n\n<p>Nas contrata\u00e7\u00f5es com empresas, a taxa livre alcan\u00e7ou 15,2% ao ano em janeiro, representando crescimento de 3,5 pontos percentuais em rela\u00e7\u00e3o ao m\u00eas anterior. De acordo com o BC, o aumento de taxas foi disseminado pelas modalidades, com destaque para capital de giro, que subiu 5,4 pontos percentuais, chegando a 16,5% ao ano; e conta garantida, que teve aumento de 4,2 pontos percentuais, alcan\u00e7ando 34,3% ao ano.<\/p>\n\n\n\n<p>De acordo com o chefe do BC, no m\u00eas passado, as taxas do capital de giro de curto prazo, que \u00e9 uma modalidade importante para empresas, foram \u201cum ponto fora da curva\u201d. Segundo ele, houve uma grande redu\u00e7\u00e3o nas concess\u00f5es dessa modalidade em dezembro, o que levou a uma piora no perfil de devedores e esse efeito de composi\u00e7\u00e3o fez aumentar a taxa m\u00e9dia de juros.<\/p>\n\n\n\n<p>Essas taxas s\u00e3o do cr\u00e9dito livre, em que os bancos t\u00eam autonomia para emprestar o dinheiro captado no mercado e definir as taxas de juros cobradas dos clientes. J\u00e1 o cr\u00e9dito direcionado tem regras definidas pelo governo, e \u00e9 destinado, basicamente, aos setores habitacional, rural, de infraestrutura e ao microcr\u00e9dito.<\/p>\n\n\n\n<p>No caso do cr\u00e9dito direcionado, a taxa m\u00e9dia para pessoas f\u00edsicas manteve-se est\u00e1vel em 7% ao ano. Para as empresas, a taxa caiu 0,5 ponto percentual para 9,5% ao ano em janeiro.<\/p>\n\n\n\n<h2 class=\"wp-block-heading\">Inadimpl\u00eancia e saldo<\/h2>\n\n\n\n<p>A inadimpl\u00eancia (considerados atrasos acima de 90 dias) das fam\u00edlias, no cr\u00e9dito livre, caiu 0,1 ponto percentual, indo para 4,1%. A inadimpl\u00eancia das empresas no cr\u00e9dito livre aumentou 0,2 ponto percentual para 1,6%, informou o Banco Central.<\/p>\n\n\n\n<p>Em janeiro, o estoque de todos os empr\u00e9stimos concedidos pelos bancos ficou em R$ 4,020 trilh\u00f5es, est\u00e1vel em rela\u00e7\u00e3o a dezembro e com expans\u00e3o de 16% em 12 meses. Esse saldo do cr\u00e9dito correspondeu a 54,1% de tudo o que o pa\u00eds produz &#8211; o Produto Interno Bruto (PIB).<\/p>\n\n\n\n<p>Edi\u00e7\u00e3o: Denise Griesinger<\/p>\n","protected":false},"excerpt":{"rendered":"<p>Juros do rotativo do cart\u00e3o de cr\u00e9dito influenciaram resultado Por Andreia Verd\u00e9lio \u2013 Rep\u00f3rter da<\/p>\n","protected":false},"author":2,"featured_media":10748,"comment_status":"open","ping_status":"open","sticky":false,"template":"","format":"standard","meta":{"footnotes":""},"categories":[17],"tags":[],"class_list":["post-10747","post","type-post","status-publish","format-standard","has-post-thumbnail","hentry","category-outras-noticias"],"_links":{"self":[{"href":"https:\/\/tvc16.com\/portal\/wp-json\/wp\/v2\/posts\/10747","targetHints":{"allow":["GET"]}}],"collection":[{"href":"https:\/\/tvc16.com\/portal\/wp-json\/wp\/v2\/posts"}],"about":[{"href":"https:\/\/tvc16.com\/portal\/wp-json\/wp\/v2\/types\/post"}],"author":[{"embeddable":true,"href":"https:\/\/tvc16.com\/portal\/wp-json\/wp\/v2\/users\/2"}],"replies":[{"embeddable":true,"href":"https:\/\/tvc16.com\/portal\/wp-json\/wp\/v2\/comments?post=10747"}],"version-history":[{"count":1,"href":"https:\/\/tvc16.com\/portal\/wp-json\/wp\/v2\/posts\/10747\/revisions"}],"predecessor-version":[{"id":10749,"href":"https:\/\/tvc16.com\/portal\/wp-json\/wp\/v2\/posts\/10747\/revisions\/10749"}],"wp:featuredmedia":[{"embeddable":true,"href":"https:\/\/tvc16.com\/portal\/wp-json\/wp\/v2\/media\/10748"}],"wp:attachment":[{"href":"https:\/\/tvc16.com\/portal\/wp-json\/wp\/v2\/media?parent=10747"}],"wp:term":[{"taxonomy":"category","embeddable":true,"href":"https:\/\/tvc16.com\/portal\/wp-json\/wp\/v2\/categories?post=10747"},{"taxonomy":"post_tag","embeddable":true,"href":"https:\/\/tvc16.com\/portal\/wp-json\/wp\/v2\/tags?post=10747"}],"curies":[{"name":"wp","href":"https:\/\/api.w.org\/{rel}","templated":true}]}}