{"id":10753,"date":"2021-02-25T12:31:58","date_gmt":"2021-02-25T15:31:58","guid":{"rendered":"https:\/\/tvc16.com\/portal\/?p=10753"},"modified":"2021-02-25T12:32:57","modified_gmt":"2021-02-25T15:32:57","slug":"eletronuclear-lanca-edital-para-retomar-obras-de-angra-3","status":"publish","type":"post","link":"https:\/\/tvc16.com\/portal\/2021\/02\/25\/eletronuclear-lanca-edital-para-retomar-obras-de-angra-3\/","title":{"rendered":"Eletronuclear lan\u00e7a edital para retomar obras de Angra 3"},"content":{"rendered":"\n<h3 class=\"wp-block-heading\">Obras na usina est\u00e3o paralisadas desde 2015<\/h3>\n\n\n\n<h4 class=\"wp-block-heading\">Por Vitor Abdala \u2013 Rep\u00f3rter da Ag\u00eancia Brasil &#8211; Rio de Janeiro<\/h4>\n\n\n\n<p>A Eletronuclear lan\u00e7a&nbsp;hoje (25) o edital de licita\u00e7\u00e3o da empresa que retomar\u00e1 as obras da usina nuclear Angra 3, no Rio de Janeiro. A constru\u00e7\u00e3o da usina est\u00e1 paralisada desde 2015, com 65% das obras conclu\u00eddas e R$ 7,8 bilh\u00f5es gastos, de acordo com a estatal de energia nuclear.<img decoding=\"async\" src=\"https:\/\/agenciabrasil.ebc.com.br\/ebc.png?id=1402312&amp;o=node\"><img decoding=\"async\" src=\"https:\/\/agenciabrasil.ebc.com.br\/ebc.gif?id=1402312&amp;o=node\"><\/p>\n\n\n\n<p>Para os 35% dos servi\u00e7os restantes ser\u00e3o realizados dois processos licitat\u00f3rios diferentes. Neste primeiro momento, ser\u00e1 escolhida uma empresa para fazer a montagem eletromec\u00e2nica da usina e adiantar alguns servi\u00e7os de obras civis.<\/p>\n\n\n\n<p>Essa empresa deve ser selecionada em abril e os servi\u00e7os devem come\u00e7ar em outubro deste ano. O objetivo \u00e9 adiantar o servi\u00e7o enquanto o segundo processo, para escolher a empresa que ficar\u00e1 respons\u00e1vel por empreender a obra global e concluir a constru\u00e7\u00e3o, \u00e9 preparado.<\/p>\n\n\n\n<p>O segundo processo licitat\u00f3rio s\u00f3 deve ser conclu\u00eddo no segundo semestre de 2022. A previs\u00e3o da&nbsp;<a href=\"https:\/\/www.eletronuclear.gov.br\/Paginas\/default.aspx\" target=\"_blank\" rel=\"noreferrer noopener\">Eletronuclear<\/a>&nbsp;\u00e9 colocar a usina em opera\u00e7\u00e3o em novembro de 2026. O custo total da constru\u00e7\u00e3o deve ficar em R$ 15 bilh\u00f5es.<\/p>\n\n\n\n<p>Atualmente o complexo nuclear de Angra dos Reis, no sul fluminense, conta com duas usinas, que produzem juntas cerca de 1.800 megawatts. Angra 3 ter\u00e1 capacidade de produzir 1.400 megawatts.<\/p>\n\n\n\n<p>Edi\u00e7\u00e3o: Denise Griesinger<\/p>\n","protected":false},"excerpt":{"rendered":"<p>Obras na usina est\u00e3o paralisadas desde 2015 Por Vitor Abdala \u2013 Rep\u00f3rter da Ag\u00eancia Brasil<\/p>\n","protected":false},"author":2,"featured_media":10754,"comment_status":"open","ping_status":"open","sticky":false,"template":"","format":"standard","meta":{"footnotes":""},"categories":[17],"tags":[],"class_list":["post-10753","post","type-post","status-publish","format-standard","has-post-thumbnail","hentry","category-outras-noticias"],"_links":{"self":[{"href":"https:\/\/tvc16.com\/portal\/wp-json\/wp\/v2\/posts\/10753","targetHints":{"allow":["GET"]}}],"collection":[{"href":"https:\/\/tvc16.com\/portal\/wp-json\/wp\/v2\/posts"}],"about":[{"href":"https:\/\/tvc16.com\/portal\/wp-json\/wp\/v2\/types\/post"}],"author":[{"embeddable":true,"href":"https:\/\/tvc16.com\/portal\/wp-json\/wp\/v2\/users\/2"}],"replies":[{"embeddable":true,"href":"https:\/\/tvc16.com\/portal\/wp-json\/wp\/v2\/comments?post=10753"}],"version-history":[{"count":1,"href":"https:\/\/tvc16.com\/portal\/wp-json\/wp\/v2\/posts\/10753\/revisions"}],"predecessor-version":[{"id":10755,"href":"https:\/\/tvc16.com\/portal\/wp-json\/wp\/v2\/posts\/10753\/revisions\/10755"}],"wp:featuredmedia":[{"embeddable":true,"href":"https:\/\/tvc16.com\/portal\/wp-json\/wp\/v2\/media\/10754"}],"wp:attachment":[{"href":"https:\/\/tvc16.com\/portal\/wp-json\/wp\/v2\/media?parent=10753"}],"wp:term":[{"taxonomy":"category","embeddable":true,"href":"https:\/\/tvc16.com\/portal\/wp-json\/wp\/v2\/categories?post=10753"},{"taxonomy":"post_tag","embeddable":true,"href":"https:\/\/tvc16.com\/portal\/wp-json\/wp\/v2\/tags?post=10753"}],"curies":[{"name":"wp","href":"https:\/\/api.w.org\/{rel}","templated":true}]}}