{"id":10759,"date":"2021-02-25T12:48:02","date_gmt":"2021-02-25T15:48:02","guid":{"rendered":"https:\/\/tvc16.com\/portal\/?p=10759"},"modified":"2021-02-25T12:48:04","modified_gmt":"2021-02-25T15:48:04","slug":"policia-civil-identifica-homem-responsavel-por-sequestro-relampago-em-itaipava","status":"publish","type":"post","link":"https:\/\/tvc16.com\/portal\/2021\/02\/25\/policia-civil-identifica-homem-responsavel-por-sequestro-relampago-em-itaipava\/","title":{"rendered":"Pol\u00edcia Civil identifica homem respons\u00e1vel por sequestro rel\u00e2mpago em Itaipava"},"content":{"rendered":"\n<p>No dia 20 de janeiro deste ano uma mulher sofreu um sequestro rel\u00e2mpago, na altura do Castelo de Itaipava, quando chegava em casa. Na ocasi\u00e3o o criminoso, que estava armado, percorreu diversos bancos com a v\u00edtima e fez com que ela sacasse R$ 3.450 mil de uma conta no Santander. Ele ainda levou R$ 450 que estava no carro da mulher. Ap\u00f3s o crime ele a libertou no mesmo local onde a havia rendido e fugiu a p\u00e9.<\/p>\n\n\n\n<p>Os policiais civis da 106\u00aa Delegacia de Pol\u00edcia (DP) identificaram ainda que o suspeito est\u00e1 preso em uma penitenci\u00e1ria da cidade do Rio de Janeiro por ter cometido outro crime, o de recepta\u00e7\u00e3o. A pris\u00e3o preventiva do suspeito j\u00e1 foi pedida. O acusado foi detido cerca de 10 dias depois de cometer o sequestro, ap\u00f3s ser abordado com um carro \u2013 modelo Fiat Uno \u2013 furtado na Estrada das Arcas, em fevereiro.<\/p>\n\n\n\n<p>As imagens das c\u00e2meras de seguran\u00e7a por onde a v\u00edtima e o criminoso passaram ajudaram na identifica\u00e7\u00e3o dele.<\/p>\n","protected":false},"excerpt":{"rendered":"<p>No dia 20 de janeiro deste ano uma mulher sofreu um sequestro rel\u00e2mpago, na altura<\/p>\n","protected":false},"author":2,"featured_media":10760,"comment_status":"open","ping_status":"open","sticky":false,"template":"","format":"standard","meta":{"footnotes":""},"categories":[12],"tags":[],"class_list":["post-10759","post","type-post","status-publish","format-standard","has-post-thumbnail","hentry","category-cidade"],"_links":{"self":[{"href":"https:\/\/tvc16.com\/portal\/wp-json\/wp\/v2\/posts\/10759","targetHints":{"allow":["GET"]}}],"collection":[{"href":"https:\/\/tvc16.com\/portal\/wp-json\/wp\/v2\/posts"}],"about":[{"href":"https:\/\/tvc16.com\/portal\/wp-json\/wp\/v2\/types\/post"}],"author":[{"embeddable":true,"href":"https:\/\/tvc16.com\/portal\/wp-json\/wp\/v2\/users\/2"}],"replies":[{"embeddable":true,"href":"https:\/\/tvc16.com\/portal\/wp-json\/wp\/v2\/comments?post=10759"}],"version-history":[{"count":1,"href":"https:\/\/tvc16.com\/portal\/wp-json\/wp\/v2\/posts\/10759\/revisions"}],"predecessor-version":[{"id":10761,"href":"https:\/\/tvc16.com\/portal\/wp-json\/wp\/v2\/posts\/10759\/revisions\/10761"}],"wp:featuredmedia":[{"embeddable":true,"href":"https:\/\/tvc16.com\/portal\/wp-json\/wp\/v2\/media\/10760"}],"wp:attachment":[{"href":"https:\/\/tvc16.com\/portal\/wp-json\/wp\/v2\/media?parent=10759"}],"wp:term":[{"taxonomy":"category","embeddable":true,"href":"https:\/\/tvc16.com\/portal\/wp-json\/wp\/v2\/categories?post=10759"},{"taxonomy":"post_tag","embeddable":true,"href":"https:\/\/tvc16.com\/portal\/wp-json\/wp\/v2\/tags?post=10759"}],"curies":[{"name":"wp","href":"https:\/\/api.w.org\/{rel}","templated":true}]}}