{"id":10766,"date":"2021-02-26T22:34:54","date_gmt":"2021-02-27T01:34:54","guid":{"rendered":"https:\/\/tvc16.com\/portal\/?p=10766"},"modified":"2021-02-26T22:34:56","modified_gmt":"2021-02-27T01:34:56","slug":"secretaria-de-educacao-recebeu-nesta-sexta-feira-a-ultima-remessa-do-primeiro-lote-de-cartoes-do-programa-merenda-certa","status":"publish","type":"post","link":"https:\/\/tvc16.com\/portal\/2021\/02\/26\/secretaria-de-educacao-recebeu-nesta-sexta-feira-a-ultima-remessa-do-primeiro-lote-de-cartoes-do-programa-merenda-certa\/","title":{"rendered":"Secretaria de Educa\u00e7\u00e3o recebeu nesta sexta-feira a \u00faltima remessa do primeiro lote de cart\u00f5es do programa Merenda Certa"},"content":{"rendered":"\n<p>Equipes fizeram as entregas nas unidades de ensino, para os benefici\u00e1rios. A medida em que receberem os cart\u00f5es, as equipes gestoras da unidade onde o aluno est\u00e1 matriculado comunicar\u00e3o aos pais e\/ou respons\u00e1veis datas e hor\u00e1rios para retirada dos mesmos.<\/p>\n\n\n\n<p>A entrega dos cart\u00f5es come\u00e7ou na quarta-feira, assim que a Secretaria de Educa\u00e7\u00e3o recebeu a primeira remessa da empresa respons\u00e1vel pela confec\u00e7\u00e3o do material. \u201cComo o contrato anterior havia encerrado em dezembro, precisamos abrir um novo processo para contratar empresa para administrar o cart\u00e3o. Este processo foi conclu\u00eddo em fevereiro e a empresa iniciou a entrega dos cart\u00f5es nesta semana. Os cart\u00f5es est\u00e3o sendo entregues com o cr\u00e9dito de R$ 70 referente a este m\u00eas e, no m\u00eas de mar\u00e7o, o cr\u00e9dito j\u00e1 ser\u00e1 autom\u00e1tico\u201d, avisou a secret\u00e1ria M\u00e1rcia Palma.<\/p>\n\n\n\n<p>Segundo ela, quem ainda n\u00e3o recebeu o cart\u00e3o deve ficar atento aos comunicados das escolas, que est\u00e3o organizando os hor\u00e1rios de entrega. Algumas unidades far\u00e3o a entrega neste s\u00e1bado e as \u00faltimas, no in\u00edcio da semana que vem\u201d, garantiu, lembrando que os pais que tiverem d\u00favidas devem entrar em contato com a escola onde a crian\u00e7a ou adolescente est\u00e1 matriculada.<\/p>\n\n\n\n<p>\u201cEstamos trabalhando para fazer esta entrega o mais rapidamente poss\u00edvel, mas dependemos da entrega dos cart\u00f5es para fazer a distribui\u00e7\u00e3o\u201d, finalizou, lembrando que alunos que ingressaram na rede municipal a partir de 15 de fevereiro receber\u00e3o os cart\u00f5es em um segundo lote.<\/p>\n","protected":false},"excerpt":{"rendered":"<p>Equipes fizeram as entregas nas unidades de ensino, para os benefici\u00e1rios. A medida em que<\/p>\n","protected":false},"author":2,"featured_media":10767,"comment_status":"open","ping_status":"open","sticky":false,"template":"","format":"standard","meta":{"footnotes":""},"categories":[12],"tags":[],"class_list":["post-10766","post","type-post","status-publish","format-standard","has-post-thumbnail","hentry","category-cidade"],"_links":{"self":[{"href":"https:\/\/tvc16.com\/portal\/wp-json\/wp\/v2\/posts\/10766","targetHints":{"allow":["GET"]}}],"collection":[{"href":"https:\/\/tvc16.com\/portal\/wp-json\/wp\/v2\/posts"}],"about":[{"href":"https:\/\/tvc16.com\/portal\/wp-json\/wp\/v2\/types\/post"}],"author":[{"embeddable":true,"href":"https:\/\/tvc16.com\/portal\/wp-json\/wp\/v2\/users\/2"}],"replies":[{"embeddable":true,"href":"https:\/\/tvc16.com\/portal\/wp-json\/wp\/v2\/comments?post=10766"}],"version-history":[{"count":1,"href":"https:\/\/tvc16.com\/portal\/wp-json\/wp\/v2\/posts\/10766\/revisions"}],"predecessor-version":[{"id":10768,"href":"https:\/\/tvc16.com\/portal\/wp-json\/wp\/v2\/posts\/10766\/revisions\/10768"}],"wp:featuredmedia":[{"embeddable":true,"href":"https:\/\/tvc16.com\/portal\/wp-json\/wp\/v2\/media\/10767"}],"wp:attachment":[{"href":"https:\/\/tvc16.com\/portal\/wp-json\/wp\/v2\/media?parent=10766"}],"wp:term":[{"taxonomy":"category","embeddable":true,"href":"https:\/\/tvc16.com\/portal\/wp-json\/wp\/v2\/categories?post=10766"},{"taxonomy":"post_tag","embeddable":true,"href":"https:\/\/tvc16.com\/portal\/wp-json\/wp\/v2\/tags?post=10766"}],"curies":[{"name":"wp","href":"https:\/\/api.w.org\/{rel}","templated":true}]}}