{"id":10772,"date":"2021-02-26T22:49:02","date_gmt":"2021-02-27T01:49:02","guid":{"rendered":"https:\/\/tvc16.com\/portal\/?p=10772"},"modified":"2021-02-26T22:49:05","modified_gmt":"2021-02-27T01:49:05","slug":"no-proximo-dia-2-de-marco-sera-lancado-o-projeto-petropolis-olimpica-uma-educacao-de-valores-promovido-pela-secretaria-de-educacao-nas-escolas-e-centros-de-educacao-infan","status":"publish","type":"post","link":"https:\/\/tvc16.com\/portal\/2021\/02\/26\/no-proximo-dia-2-de-marco-sera-lancado-o-projeto-petropolis-olimpica-uma-educacao-de-valores-promovido-pela-secretaria-de-educacao-nas-escolas-e-centros-de-educacao-infan\/","title":{"rendered":"No pr\u00f3ximo dia 2 de mar\u00e7o, ser\u00e1 lan\u00e7ado o projeto \u201cPetr\u00f3polis Ol\u00edmpica \u2013 Uma educa\u00e7\u00e3o de valores\u201d, promovido pela Secretaria de Educa\u00e7\u00e3o nas escolas e Centros de Educa\u00e7\u00e3o Infantil (CEIs) da rede municipal"},"content":{"rendered":"\n<p> O projeto prev\u00ea forma\u00e7\u00f5es com as equipes das unidades escolares com o objetivo de proporcionar para gestores, professores, educadores e alunos uma grande diversidade de experi\u00eancias, incorporando o esporte e a educa\u00e7\u00e3o ol\u00edmpica em suas rotinas de aprendizagem. A live de lan\u00e7amento come\u00e7a \u00e0s 10h e ser\u00e1 transmitida no Youtube da Prefeitura de Petr\u00f3polis.<\/p>\n\n\n\n<p>O projeto, que tem o apoio do Comit\u00ea Ol\u00edmpico Internacional, com a disponibiliza\u00e7\u00e3o de conte\u00fado para as forma\u00e7\u00f5es que ser\u00e3o realizadas com os profissionais da educa\u00e7\u00e3o, vai estimular que as unidades escolares insiram nos seus curr\u00edculos de forma oficial a educa\u00e7\u00e3o ol\u00edmpica.<\/p>\n\n\n\n<p>\u201cO professor poder\u00e1 criar m\u00e9todos e projetos diferenciados dentro da sua \u00e1rea de atua\u00e7\u00e3o usando a Educa\u00e7\u00e3o Ol\u00edmpica como refer\u00eancia e, para isso, a Secretaria de Educa\u00e7\u00e3o vai proporcionar bases norteadoras atrav\u00e9s de apostilas online e livros de atividades\u201d, afirma a secret\u00e1ria de Educa\u00e7\u00e3o, Marcia Palma.<\/p>\n\n\n\n<p>A primeira forma\u00e7\u00e3o do projeto j\u00e1 est\u00e1 marcada: ser\u00e1 no dia 7 de abril e ter\u00e1 como foco os fundamentos da educa\u00e7\u00e3o ol\u00edmpica. A ideia \u00e9 que um m\u00f3dulo seja apresentado por m\u00eas. O cronograma com hor\u00e1rio e demais datas ser\u00e1 repassado pela Secretaria de Educa\u00e7\u00e3o para as escolas e CEIs.<\/p>\n\n\n\n<p>Os objetivos do projeto s\u00e3o: oferecer a educa\u00e7\u00e3o ol\u00edmpica por meio de mecanismos que garantam a sua contextualiza\u00e7\u00e3o e constru\u00e7\u00e3o de curr\u00edculos; propiciar aos profissionais da Rede Municipal que atuam nos Escolas Municipais de Educa\u00e7\u00e3o Infantil, Centros de Educa\u00e7\u00e3o Infantil (CEIs) e nas escolas de Ensino Fundamental o dom\u00ednio das bases norteadoras da \u201cEduca\u00e7\u00e3o Ol\u00edmpica\u201d de forma \u00e9tica e compat\u00edvel com a realidade social; promover a efetiva interdisciplinaridade no desenvolvimento dos temas da Agenda 20+20; possibilitar o acompanhamento e o controle das pr\u00e1ticas desenvolvidas pelos alunos e demais profissionais envolvidos, na pr\u00f3pria escola ou nas institui\u00e7\u00f5es parceiras, permitindo a verifica\u00e7\u00e3o do desempenho dos alunos, e do projeto como um todo, segundo as compet\u00eancias estabelecidas.<\/p>\n","protected":false},"excerpt":{"rendered":"<p>O projeto prev\u00ea forma\u00e7\u00f5es com as equipes das unidades escolares com o objetivo de proporcionar<\/p>\n","protected":false},"author":2,"featured_media":10773,"comment_status":"open","ping_status":"open","sticky":false,"template":"","format":"standard","meta":{"footnotes":""},"categories":[12],"tags":[],"class_list":["post-10772","post","type-post","status-publish","format-standard","has-post-thumbnail","hentry","category-cidade"],"_links":{"self":[{"href":"https:\/\/tvc16.com\/portal\/wp-json\/wp\/v2\/posts\/10772","targetHints":{"allow":["GET"]}}],"collection":[{"href":"https:\/\/tvc16.com\/portal\/wp-json\/wp\/v2\/posts"}],"about":[{"href":"https:\/\/tvc16.com\/portal\/wp-json\/wp\/v2\/types\/post"}],"author":[{"embeddable":true,"href":"https:\/\/tvc16.com\/portal\/wp-json\/wp\/v2\/users\/2"}],"replies":[{"embeddable":true,"href":"https:\/\/tvc16.com\/portal\/wp-json\/wp\/v2\/comments?post=10772"}],"version-history":[{"count":1,"href":"https:\/\/tvc16.com\/portal\/wp-json\/wp\/v2\/posts\/10772\/revisions"}],"predecessor-version":[{"id":10774,"href":"https:\/\/tvc16.com\/portal\/wp-json\/wp\/v2\/posts\/10772\/revisions\/10774"}],"wp:featuredmedia":[{"embeddable":true,"href":"https:\/\/tvc16.com\/portal\/wp-json\/wp\/v2\/media\/10773"}],"wp:attachment":[{"href":"https:\/\/tvc16.com\/portal\/wp-json\/wp\/v2\/media?parent=10772"}],"wp:term":[{"taxonomy":"category","embeddable":true,"href":"https:\/\/tvc16.com\/portal\/wp-json\/wp\/v2\/categories?post=10772"},{"taxonomy":"post_tag","embeddable":true,"href":"https:\/\/tvc16.com\/portal\/wp-json\/wp\/v2\/tags?post=10772"}],"curies":[{"name":"wp","href":"https:\/\/api.w.org\/{rel}","templated":true}]}}