{"id":10778,"date":"2021-02-26T23:02:51","date_gmt":"2021-02-27T02:02:51","guid":{"rendered":"https:\/\/tvc16.com\/portal\/?p=10778"},"modified":"2021-02-26T23:02:53","modified_gmt":"2021-02-27T02:02:53","slug":"projeto-da-iniciativa-privada-i-congresso-brasileiro-de-cerveja-pode-ser-realizado-em-petropolis","status":"publish","type":"post","link":"https:\/\/tvc16.com\/portal\/2021\/02\/26\/projeto-da-iniciativa-privada-i-congresso-brasileiro-de-cerveja-pode-ser-realizado-em-petropolis\/","title":{"rendered":"Projeto da iniciativa privada, &#8220;I Congresso Brasileiro de Cerveja&#8221;, pode ser realizado em Petr\u00f3polis"},"content":{"rendered":"\n<p>A Prefeitura, por meio das secretarias de Desenvolvimento Econ\u00f4mico e de Turismo (Turispetro), est\u00e1 buscando o apoio da Secretaria de Cultura do Estado para a realiza\u00e7\u00e3o, em Petr\u00f3polis, do I Congresso Brasileiro de Cerveja. Idealizado pela iniciativa privada, o projeto \u00e9 direcionado aos produtores, pesquisadores e empreendedores do setor.<\/p>\n\n\n\n<p>\u201cPetr\u00f3polis \u00e9 o ber\u00e7o da cerveja e um evento dessa magnitude vai fortalecer todo o nosso setor tur\u00edstico e contribuir para o aquecimento da economia da cidade. Empres\u00e1rios e munic\u00edpio precisam trabalhar juntos\u201d, frisa o secret\u00e1rio de Turismo, Samir El Ghaoui.<\/p>\n\n\n\n<p>Na reuni\u00e3o, representantes da Feira Deguste, respons\u00e1vel pela elabora\u00e7\u00e3o do projeto que \u00e9 totalmente voltado ao setor cervejeiro empresarial, detalharam a proposta. \u201cO objetivo \u00e9 promover o encontro dos estudos acad\u00eamicos ao setor de neg\u00f3cios, com feiras, palestras, mini cursos, bate-papos de inova\u00e7\u00e3o, entre outros\u201d, explicou a assistente de marketing da Feira Deguste, Gabrielle Freitas.<\/p>\n\n\n\n<p>Participaram do encontro, a secret\u00e1ria de Cultura do Estado do Rio, Danielle Barros, o secret\u00e1rio de Turismo do Rio, Gustavo Tutuca e o subsecret\u00e1rio de Eventos, Marcelo Monfory. A previs\u00e3o \u00e9 de que o evento seja realizado entre os meses de agosto e setembro, de forma presencial, por\u00e9m, respeitando as normas e protocolos da Vigil\u00e2ncia Sanit\u00e1ria e tamb\u00e9m ser\u00e1 transmitida online.<\/p>\n","protected":false},"excerpt":{"rendered":"<p>A Prefeitura, por meio das secretarias de Desenvolvimento Econ\u00f4mico e de Turismo (Turispetro), est\u00e1 buscando<\/p>\n","protected":false},"author":2,"featured_media":10780,"comment_status":"open","ping_status":"open","sticky":false,"template":"","format":"standard","meta":{"footnotes":""},"categories":[12],"tags":[],"class_list":["post-10778","post","type-post","status-publish","format-standard","has-post-thumbnail","hentry","category-cidade"],"_links":{"self":[{"href":"https:\/\/tvc16.com\/portal\/wp-json\/wp\/v2\/posts\/10778","targetHints":{"allow":["GET"]}}],"collection":[{"href":"https:\/\/tvc16.com\/portal\/wp-json\/wp\/v2\/posts"}],"about":[{"href":"https:\/\/tvc16.com\/portal\/wp-json\/wp\/v2\/types\/post"}],"author":[{"embeddable":true,"href":"https:\/\/tvc16.com\/portal\/wp-json\/wp\/v2\/users\/2"}],"replies":[{"embeddable":true,"href":"https:\/\/tvc16.com\/portal\/wp-json\/wp\/v2\/comments?post=10778"}],"version-history":[{"count":1,"href":"https:\/\/tvc16.com\/portal\/wp-json\/wp\/v2\/posts\/10778\/revisions"}],"predecessor-version":[{"id":10781,"href":"https:\/\/tvc16.com\/portal\/wp-json\/wp\/v2\/posts\/10778\/revisions\/10781"}],"wp:featuredmedia":[{"embeddable":true,"href":"https:\/\/tvc16.com\/portal\/wp-json\/wp\/v2\/media\/10780"}],"wp:attachment":[{"href":"https:\/\/tvc16.com\/portal\/wp-json\/wp\/v2\/media?parent=10778"}],"wp:term":[{"taxonomy":"category","embeddable":true,"href":"https:\/\/tvc16.com\/portal\/wp-json\/wp\/v2\/categories?post=10778"},{"taxonomy":"post_tag","embeddable":true,"href":"https:\/\/tvc16.com\/portal\/wp-json\/wp\/v2\/tags?post=10778"}],"curies":[{"name":"wp","href":"https:\/\/api.w.org\/{rel}","templated":true}]}}