{"id":1078,"date":"2020-09-23T20:44:02","date_gmt":"2020-09-23T20:44:02","guid":{"rendered":"https:\/\/tvc16.com\/portal\/?p=1078"},"modified":"2020-09-23T20:44:02","modified_gmt":"2020-09-23T20:44:02","slug":"908-das-industrias-planejam-manter-mudancas-realizadas-durante-a-pandemia","status":"publish","type":"post","link":"https:\/\/tvc16.com\/portal\/2020\/09\/23\/908-das-industrias-planejam-manter-mudancas-realizadas-durante-a-pandemia\/","title":{"rendered":"90,8% das ind\u00fastrias planejam manter mudan\u00e7as realizadas durante a pandemia"},"content":{"rendered":"\n<p>Pesquisa\u202f&#8217;Adaptabilidade da Ind\u00fastria Fluminense&#8217;,\u202ffeita pela Firjan,\u202fmostra que mudan\u00e7as vieram para ficar\u00a0\u00a0<\/p>\n\n\n\n<p>A pandemia acelerou a&nbsp;<strong>transforma\u00e7\u00e3o digital<\/strong>&nbsp;das ind\u00fastrias fluminenses: 1 em cada 4 ind\u00fastrias iniciaram vendas em canais digitais e, dessas, 84,6%&nbsp;pretendem mant\u00ea-las depois do fim da pandemia. Em fun\u00e7\u00e3o da crise do novo&nbsp;coronav\u00edrus, as empresas implantaram&nbsp;<strong>mudan\u00e7as na opera\u00e7\u00e3o&nbsp;<\/strong>(87,8%), nas&nbsp;<strong>rela\u00e7\u00f5es de trabalho&nbsp;<\/strong>(75,3%) e nas&nbsp;<strong>estrat\u00e9gias de neg\u00f3cios<\/strong>&nbsp;(44,9%).&nbsp;<strong>92,9% das ind\u00fastrias planejam manter<\/strong>&nbsp;as mudan\u00e7as realizadas em suas opera\u00e7\u00f5es, como&nbsp;<strong>revis\u00e3o das despesas operacionais<\/strong>,&nbsp;<strong>negocia\u00e7\u00e3o<\/strong>&nbsp;com novos fornecedores, e&nbsp;<strong>otimiza\u00e7\u00e3o&nbsp;<\/strong>de log\u00edstica \/cargas.&nbsp;\u202f&nbsp;<\/p>\n\n\n\n<p>Os n\u00fameros constam da pesquisa&nbsp;<strong>Adaptabilidade da Ind\u00fastria Fluminense,&nbsp;<\/strong>feita pela Firjan, com dados da<strong>&nbsp;Sondagem Industrial&nbsp;<\/strong>no 2\u00ba trimestre de 2020, que tem como objetivo compreender aspectos relacionados \u00e0 cultura da empresa e \u00e0s adapta\u00e7\u00f5es\/mudan\u00e7as realizadas pelas ind\u00fastrias durante a pandemia e aquelas que pretendem ser mantidas ap\u00f3s esse per\u00edodo.&nbsp;\u202f&nbsp;<\/p>\n\n\n\n<p><br>O resultado da pesquisa ser\u00e1 apresentado no dia 24 de setembro, \u00e0s 17h, no Di\u00e1logos de Adaptabilidade,&nbsp;encontro&nbsp;promovido pela Casa Firjan, com transmiss\u00e3o online.&nbsp;&nbsp;<\/p>\n\n\n\n<p><br>\u201cA pesquisa mostra que as ind\u00fastrias fluminenses t\u00eam se adaptado e implementado novas estrat\u00e9gias para se manterem competitivas e garantirem sua sobreviv\u00eancia mesmo em cen\u00e1rio extremo e adverso. A pandemia exige reinven\u00e7\u00e3o para superar a crise e essa \u00e9 uma grande li\u00e7\u00e3o para as empresas: em um mundo em constante transforma\u00e7\u00e3o n\u00e3o podemos pensar de forma linear \u00e9 essencial se adaptar \u00e0s mudan\u00e7as\u201d, afirma Joana Siqueira, coordenadora de pesquisas institucionais da Firjan.\u00a0\u00a0<br>O estudo quantitativo foi feito atrav\u00e9s de question\u00e1rio estruturado via e-mail. A coleta de dados foi feita dos dias 1 a 13 de julho de 2020, sendo ouvidas 324 ind\u00fastrias do Estado do Rio de Janeiro, dos setores da Ind\u00fastria de Transforma\u00e7\u00e3o e Ind\u00fastria da Constru\u00e7\u00e3o Civil, de pequeno (58,6%), m\u00e9dio (31,5%) e grande (9,9%) porte. A margem de erro \u00e9 de 5 pontos percentuais.\u202f\u00a0<br>\u201cVemos que as ind\u00fastrias conseguiram reagir \u00e0s mudan\u00e7as provocadas pela pandemia, sobretudo com um olhar interno, de revis\u00e3o de seus custos e otimiza\u00e7\u00e3o de seus processos \u2013 essas foram as principais mudan\u00e7as implementadas pela ind\u00fastria fluminense. Mas n\u00e3o foi s\u00f3 isso, o momento tamb\u00e9m fez com que parte da ind\u00fastria caminhasse para um posicionamento diferenciado e estrat\u00e9gico, buscando inova\u00e7\u00f5es nos canais utilizados, abertura de novos mercados e explora\u00e7\u00e3o de seu portf\u00f3lio\u201d, comenta Joana Siqueira.\u00a0<\/p>\n\n\n\n<p><strong>RESUMO DOS DADOS\u202f<\/strong>\u00a0<strong><br>Mudan\u00e7as realizadas durante a pandemia:\u202f<\/strong>\u00a0<\/p>\n\n\n\n<p><br>87,8% das ind\u00fastrias fluminenses realizaram mudan\u00e7as na opera\u00e7\u00e3o, sendo a principal delas a revis\u00e3o de despesas operacionais (77,4%). Outras mudan\u00e7as foram negocia\u00e7\u00e3o com fornecedores (26,4%) e otimiza\u00e7\u00e3o de log\u00edstica\/cargas (25,1%)&nbsp;<\/p>\n\n\n\n<p>75,3% adotaram mudan\u00e7as nas rela\u00e7\u00f5es de trabalho como ado\u00e7\u00e3o de home office (62,2%) e flexibiliza\u00e7\u00e3o de hor\u00e1rio de trabalho (56,8%)\u00a0<\/p>\n\n\n\n<p>44,9% realizaram mudan\u00e7as na estrat\u00e9gia de neg\u00f3cios, como a ado\u00e7\u00e3o de vendas em canais digitais (24%), abertura de novos mercados (17%) e ajuste de portf\u00f3lio de produtos (15,4%)\u00a0<\/p>\n\n\n\n<p><strong>Mudan\u00e7as que pretendem manter ap\u00f3s a pandemia:<\/strong><strong>\u202f<\/strong>&nbsp;<\/p>\n\n\n\n<p>9 em cada 10 ind\u00fastrias fluminenses planejam manter mudan\u00e7as realizadas em suas opera\u00e7\u00f5es, como revis\u00e3o de despesas operacionais (92,9%), negocia\u00e7\u00e3o com novos fornecedores (90,4%) e otimiza\u00e7\u00e3o de log\u00edstica \/cargas (87,3%).\u00a0\u202f\u00a0<\/p>\n\n\n\n<p>54,7% das ind\u00fastrias planejam manter o home office ap\u00f3s o fim da crise da\u00a0Covid\u00a019 e 34,8%, a flexibiliza\u00e7\u00e3o de hor\u00e1rio de trabalho\u202f\u00a0<\/p>\n\n\n\n<p>94,5% das ind\u00fastrias planejam manter as mudan\u00e7as de estrat\u00e9gia de neg\u00f3cios, como abertura de novos mercados (87,1%), vendas em canais digitais (84,6%)\u00a0e\u00a0ajuste de portf\u00f3lio de produtos (81,5).\u202f\u00a0<\/p>\n\n\n\n<p><strong>Sobre \u2018Di\u00e1logos de Adaptabilidade\u2019<\/strong>&nbsp;<\/p>\n\n\n\n<p>Promovido pela Casa Firjan, como parte da programa\u00e7\u00e3o do novo ciclo tem\u00e1tico,\u00a0o \u2018Di\u00e1logos\u00a0de Adaptabilidade\u2019\u00a0ser\u00e1 transmitido no dia 24 de setembro, a partir das 17h,\u00a0<a rel=\"noreferrer noopener\" target=\"_blank\" href=\"https:\/\/nam02.safelinks.protection.outlook.com\/?url=https%3A%2F%2Fyoutu.be%2FJTLh7yrp6dQ&amp;data=02%7C01%7CCFARAUJO%40firjan.com.br%7Cd70b5f30d0bb46522d6908d85ef419cd%7Cd0c698d4e4ea4ee9a79df2d7a78399c8%7C0%7C0%7C637363750178023449&amp;sdata=9ExqQyOrsxcf11C9oYGatjDWXTLvlvvR%2FJjayGjftLM%3D&amp;reserved=0\">pelo canal da Firjan Senai no Youtube<\/a>.\u00a0\u00a0O encontro\u00a0vai discutir as transforma\u00e7\u00f5es realizadas por empresas que se adaptaram ou se reinventaram ao longo de 2020. Os convidados para o encontro s\u00e3o\u00a0Cl\u00e1udio\u00a0Cariello\u00a0e\u00a0Kenia\u00a0Cariello, diretores da CCM, marca pioneira de moda esportiva no Brasil, que passou a fazer m\u00e1scaras de prote\u00e7\u00e3o;\u00a0Carolina\u00a0Matsue\u00a0e\u00a0Yuri\u00a0Gricheno, fundadores da\u00a0Insider, que fabrica\u00a0m\u00e1scaras e camisetas com nanopart\u00edculas de prata, que impede a a\u00e7\u00e3o do\u00a0coronav\u00edrus;\u00a0e\u00a0Antonio\u00a0Fidalgo, biom\u00e9dico e Doutor em Ci\u00eancias pela Funda\u00e7\u00e3o Oswaldo Cruz.\u00a0\u00a0No encontro, v\u00e3o ser apresentados os resultados da pesquisa Adaptabilidade da Ind\u00fastria Fluminense, por Joana Siqueira, coordenadora de pesquisas institucionais da Firjan.\u00a0A media\u00e7\u00e3o \u00e9 de Julia\u00a0Zardo, Gerente de Ambiente de Inova\u00e7\u00e3o da Firjan.\u00a0<\/p>\n\n\n\n<p><strong>Sobre&nbsp;o Ciclo Adaptabilidade<\/strong><strong>\u202f<\/strong>&nbsp;<\/p>\n\n\n\n<p>As transforma\u00e7\u00f5es em escala mundial decorrentes da pandemia deixaram ainda mais evidente a\u00a0<strong>import\u00e2ncia da agilidade na tomada de decis\u00f5es\u00a0<\/strong>e na\u00a0<strong>capacidade de resposta<\/strong>\u00a0das empresas. A capacidade de adapta\u00e7\u00e3o diante de novos cen\u00e1rios, em constante transforma\u00e7\u00e3o, \u00e9 extremamente relevante para a sobreviv\u00eancia das empresas. Tema do\u00a0<strong>novo ciclo da Casa Firjan<\/strong>, a adaptabilidade \u00e9 entendida como\u00a0a\u00a0capacidade de constantemente fazer mudan\u00e7as estrat\u00e9gicas. \u00c9 uma compet\u00eancia que pode e precisa ser desenvolvida por profissionais e empresas, atrav\u00e9s de ferramentas, metodologias, conte\u00fados e modelos mentais.\u202f<\/p>\n\n\n\n<p><strong>Carlos Felipe de Ara\u00fajo<\/strong><strong><\/strong><\/p>\n\n\n\n<p>Assessor de imprensa<\/p>\n","protected":false},"excerpt":{"rendered":"<p>Pesquisa\u202f&#8217;Adaptabilidade da Ind\u00fastria Fluminense&#8217;,\u202ffeita pela Firjan,\u202fmostra que mudan\u00e7as vieram para ficar\u00a0\u00a0 A pandemia acelerou a&nbsp;transforma\u00e7\u00e3o<\/p>\n","protected":false},"author":2,"featured_media":1080,"comment_status":"open","ping_status":"open","sticky":false,"template":"","format":"standard","meta":{"footnotes":""},"categories":[16],"tags":[],"class_list":["post-1078","post","type-post","status-publish","format-standard","has-post-thumbnail","hentry","category-colunistas"],"_links":{"self":[{"href":"https:\/\/tvc16.com\/portal\/wp-json\/wp\/v2\/posts\/1078","targetHints":{"allow":["GET"]}}],"collection":[{"href":"https:\/\/tvc16.com\/portal\/wp-json\/wp\/v2\/posts"}],"about":[{"href":"https:\/\/tvc16.com\/portal\/wp-json\/wp\/v2\/types\/post"}],"author":[{"embeddable":true,"href":"https:\/\/tvc16.com\/portal\/wp-json\/wp\/v2\/users\/2"}],"replies":[{"embeddable":true,"href":"https:\/\/tvc16.com\/portal\/wp-json\/wp\/v2\/comments?post=1078"}],"version-history":[{"count":1,"href":"https:\/\/tvc16.com\/portal\/wp-json\/wp\/v2\/posts\/1078\/revisions"}],"predecessor-version":[{"id":1081,"href":"https:\/\/tvc16.com\/portal\/wp-json\/wp\/v2\/posts\/1078\/revisions\/1081"}],"wp:featuredmedia":[{"embeddable":true,"href":"https:\/\/tvc16.com\/portal\/wp-json\/wp\/v2\/media\/1080"}],"wp:attachment":[{"href":"https:\/\/tvc16.com\/portal\/wp-json\/wp\/v2\/media?parent=1078"}],"wp:term":[{"taxonomy":"category","embeddable":true,"href":"https:\/\/tvc16.com\/portal\/wp-json\/wp\/v2\/categories?post=1078"},{"taxonomy":"post_tag","embeddable":true,"href":"https:\/\/tvc16.com\/portal\/wp-json\/wp\/v2\/tags?post=1078"}],"curies":[{"name":"wp","href":"https:\/\/api.w.org\/{rel}","templated":true}]}}