{"id":10782,"date":"2021-02-26T23:12:27","date_gmt":"2021-02-27T02:12:27","guid":{"rendered":"https:\/\/tvc16.com\/portal\/?p=10782"},"modified":"2021-02-26T23:12:29","modified_gmt":"2021-02-27T02:12:29","slug":"de-7-e-14-de-marco-sera-realizada-a-semana-da-arte-inclusiva-em-petropolis","status":"publish","type":"post","link":"https:\/\/tvc16.com\/portal\/2021\/02\/26\/de-7-e-14-de-marco-sera-realizada-a-semana-da-arte-inclusiva-em-petropolis\/","title":{"rendered":"De 7 e 14 de mar\u00e7o ser\u00e1 realizada a Semana da Arte Inclusiva em Petr\u00f3polis"},"content":{"rendered":"\n<p>A atividade re\u00fane, atrav\u00e9s de manifesta\u00e7\u00f5es art\u00edsticas diversificadas, trabalhos da pessoa com defici\u00eancia. Na programa\u00e7\u00e3o constam apresenta\u00e7\u00f5es musicais, teatro, audiovisual, capoeira, poesia, artesanato, malabarismo e artes visuais, al\u00e9m dos depoimentos de profissionais, artistas e familiares. O evento \u00e9 um dos mais de 100 projetos contemplados pela Lei Aldir Blanc no Munic\u00edpio.<\/p>\n\n\n\n<p>Atrav\u00e9s do evento, a popula\u00e7\u00e3o poder\u00e1 conhecer, al\u00e9m dos artistas envolvidos, muitos trabalhos de artes e inclus\u00e3o realizados por associa\u00e7\u00f5es de acolhimento, que promovem o desenvolvimento pessoal e social da pessoa com defici\u00eancia. <\/p>\n\n\n\n<p>Na grade da programa\u00e7\u00e3o tamb\u00e9m faz parte o Coral dos Anjos, que atende mais de 30 pessoas com defici\u00eancia em projeto musical desenvolvido pelo regente e fundador Danilo Henriques. \u201cN\u00f3s fizemos uma montagem com v\u00e1rios momentos especiais para o nosso grupo. Apresenta\u00e7\u00f5es marcantes, ensaios, al\u00e9m de shows que foram importantes para a gente, com artistas renomados\u201d, explica.<\/p>\n\n\n\n<p>No Instagram Semana da Arte Inclusiva, a programa\u00e7\u00e3o completa poder\u00e1 ser visitada, assim como o link das transmiss\u00f5es de toda a programa\u00e7\u00e3o que, em mar\u00e7o, passar\u00e1 a fazer parte tamb\u00e9m em um canal no YouTube chamado &#8220;Cultura Petr\u00f3polis&#8221; ou na p\u00e1gina: https:\/\/culturapetropolis.art.br\/.<\/p>\n\n\n\n<p>Petr\u00f3polis recebeu mais de 500 pojetos culturais de todos segmentos, sendo 301 aprovados. Petr\u00f3polis recebeu R$ 1.936.795,75 para os incisos II e III da Lei Aldir Blanc.<\/p>\n\n\n\n<p>Puderam ser apresentados projetos de grava\u00e7\u00e3o de \u00e1lbum; pe\u00e7a online; podcasts; v\u00eddeo aulas; exposi\u00e7\u00f5es virtuais; al\u00e9m de cursos de forma\u00e7\u00e3o; mostras online de m\u00e9dio porte; grava\u00e7\u00e3o de DVD; videoclipes, entre outros. &#8220;A disponibiliza\u00e7\u00e3o do material na internet \u00e9 uma forma de destacar \u00e0s manifesta\u00e7\u00f5es art\u00edsticas desenvolvidas em meio a um cen\u00e1rio em que a internet foi a principal ferramenta de trabalho&#8221;, disse o presidente do IMCE, Leandro Kronemberger.<\/p>\n","protected":false},"excerpt":{"rendered":"<p>A atividade re\u00fane, atrav\u00e9s de manifesta\u00e7\u00f5es art\u00edsticas diversificadas, trabalhos da pessoa com defici\u00eancia. Na programa\u00e7\u00e3o<\/p>\n","protected":false},"author":2,"featured_media":10783,"comment_status":"open","ping_status":"open","sticky":false,"template":"","format":"standard","meta":{"footnotes":""},"categories":[12],"tags":[],"class_list":["post-10782","post","type-post","status-publish","format-standard","has-post-thumbnail","hentry","category-cidade"],"_links":{"self":[{"href":"https:\/\/tvc16.com\/portal\/wp-json\/wp\/v2\/posts\/10782","targetHints":{"allow":["GET"]}}],"collection":[{"href":"https:\/\/tvc16.com\/portal\/wp-json\/wp\/v2\/posts"}],"about":[{"href":"https:\/\/tvc16.com\/portal\/wp-json\/wp\/v2\/types\/post"}],"author":[{"embeddable":true,"href":"https:\/\/tvc16.com\/portal\/wp-json\/wp\/v2\/users\/2"}],"replies":[{"embeddable":true,"href":"https:\/\/tvc16.com\/portal\/wp-json\/wp\/v2\/comments?post=10782"}],"version-history":[{"count":1,"href":"https:\/\/tvc16.com\/portal\/wp-json\/wp\/v2\/posts\/10782\/revisions"}],"predecessor-version":[{"id":10784,"href":"https:\/\/tvc16.com\/portal\/wp-json\/wp\/v2\/posts\/10782\/revisions\/10784"}],"wp:featuredmedia":[{"embeddable":true,"href":"https:\/\/tvc16.com\/portal\/wp-json\/wp\/v2\/media\/10783"}],"wp:attachment":[{"href":"https:\/\/tvc16.com\/portal\/wp-json\/wp\/v2\/media?parent=10782"}],"wp:term":[{"taxonomy":"category","embeddable":true,"href":"https:\/\/tvc16.com\/portal\/wp-json\/wp\/v2\/categories?post=10782"},{"taxonomy":"post_tag","embeddable":true,"href":"https:\/\/tvc16.com\/portal\/wp-json\/wp\/v2\/tags?post=10782"}],"curies":[{"name":"wp","href":"https:\/\/api.w.org\/{rel}","templated":true}]}}