{"id":10788,"date":"2021-02-26T23:26:15","date_gmt":"2021-02-27T02:26:15","guid":{"rendered":"https:\/\/tvc16.com\/portal\/?p=10788"},"modified":"2021-02-26T23:26:17","modified_gmt":"2021-02-27T02:26:17","slug":"mais-oito-obitos-por-covid-19-foram-confirmados-nesta-sexta-feira-em-petropolis","status":"publish","type":"post","link":"https:\/\/tvc16.com\/portal\/2021\/02\/26\/mais-oito-obitos-por-covid-19-foram-confirmados-nesta-sexta-feira-em-petropolis\/","title":{"rendered":"Mais oito \u00f3bitos, por Covid-19 foram confirmados nesta sexta-feira, em Petr\u00f3polis"},"content":{"rendered":"\n<p><br>Neste momento, 67 pessoas est\u00e3o internadas em leitos de UTI privados e pelo SUS. Outras 58 est\u00e3o em leitos cl\u00ednicos, considerando leitos privados e SUS, totalizando assim, 125 interna\u00e7\u00f5es em toda a rede da cidade. A ocupa\u00e7\u00e3o de leitos cl\u00ednicos pelo SUS \u00e9 de 56,36% e 44,68% em leitos de UTI.<br>A Secretaria de Sa\u00fade esclarece que o n\u00famero de \u00f3bitos, hoje em 550, \u00e9 atualizado nos boletins apenas ap\u00f3s o registro do atestado de \u00f3bito e do resultado do exame do paciente no sistema da Vigil\u00e2ncia Epidemiol\u00f3gica, o que \u00e9 feito por equipe administrativa. Trata-se de medida de seguran\u00e7a para evitar erro na informa\u00e7\u00e3o divulgada pela Secretaria de Sa\u00fade.<br>A Secretaria acrescenta, ainda, que trabalha na atualiza\u00e7\u00e3o de dados de notifica\u00e7\u00f5es e casos em an\u00e1lise no sistema, inserindo dados n\u00e3o lan\u00e7ados no fim do ano passado. \u00c9 poss\u00edvel acompanhar a evolu\u00e7\u00e3o dos casos no portal da transpar\u00eancia do coronav\u00edrus, no site da Prefeitura (www.petropolis.rj.gov.br)<br><\/p>\n\n\n\n<p><\/p>\n","protected":false},"excerpt":{"rendered":"<p>Neste momento, 67 pessoas est\u00e3o internadas em leitos de UTI privados e pelo SUS. Outras<\/p>\n","protected":false},"author":2,"featured_media":10789,"comment_status":"open","ping_status":"open","sticky":false,"template":"","format":"standard","meta":{"footnotes":""},"categories":[12],"tags":[],"class_list":["post-10788","post","type-post","status-publish","format-standard","has-post-thumbnail","hentry","category-cidade"],"_links":{"self":[{"href":"https:\/\/tvc16.com\/portal\/wp-json\/wp\/v2\/posts\/10788","targetHints":{"allow":["GET"]}}],"collection":[{"href":"https:\/\/tvc16.com\/portal\/wp-json\/wp\/v2\/posts"}],"about":[{"href":"https:\/\/tvc16.com\/portal\/wp-json\/wp\/v2\/types\/post"}],"author":[{"embeddable":true,"href":"https:\/\/tvc16.com\/portal\/wp-json\/wp\/v2\/users\/2"}],"replies":[{"embeddable":true,"href":"https:\/\/tvc16.com\/portal\/wp-json\/wp\/v2\/comments?post=10788"}],"version-history":[{"count":1,"href":"https:\/\/tvc16.com\/portal\/wp-json\/wp\/v2\/posts\/10788\/revisions"}],"predecessor-version":[{"id":10790,"href":"https:\/\/tvc16.com\/portal\/wp-json\/wp\/v2\/posts\/10788\/revisions\/10790"}],"wp:featuredmedia":[{"embeddable":true,"href":"https:\/\/tvc16.com\/portal\/wp-json\/wp\/v2\/media\/10789"}],"wp:attachment":[{"href":"https:\/\/tvc16.com\/portal\/wp-json\/wp\/v2\/media?parent=10788"}],"wp:term":[{"taxonomy":"category","embeddable":true,"href":"https:\/\/tvc16.com\/portal\/wp-json\/wp\/v2\/categories?post=10788"},{"taxonomy":"post_tag","embeddable":true,"href":"https:\/\/tvc16.com\/portal\/wp-json\/wp\/v2\/tags?post=10788"}],"curies":[{"name":"wp","href":"https:\/\/api.w.org\/{rel}","templated":true}]}}