{"id":10795,"date":"2021-02-26T23:40:22","date_gmt":"2021-02-27T02:40:22","guid":{"rendered":"https:\/\/tvc16.com\/portal\/?p=10795"},"modified":"2021-02-26T23:40:24","modified_gmt":"2021-02-27T02:40:24","slug":"governo-do-estado-do-rj-lancou-nesta-sexta-feira-26-o-programa-de-seguranca-hidrica-prosegh-para-aumentar-a-oferta-de-agua-garantir-a-conservacao-dos-mananciais-e-reduzir-riscos-de-secas-inund","status":"publish","type":"post","link":"https:\/\/tvc16.com\/portal\/2021\/02\/26\/governo-do-estado-do-rj-lancou-nesta-sexta-feira-26-o-programa-de-seguranca-hidrica-prosegh-para-aumentar-a-oferta-de-agua-garantir-a-conservacao-dos-mananciais-e-reduzir-riscos-de-secas-inund\/","title":{"rendered":"Governo do Estado do RJ lan\u00e7ou, nesta sexta-feira (26), o Programa de Seguran\u00e7a H\u00eddrica (Prosegh) para aumentar a oferta de \u00e1gua, garantir a conserva\u00e7\u00e3o dos mananciais e reduzir riscos de secas, inunda\u00e7\u00f5es e acidentes ambientais"},"content":{"rendered":"\n<p>A iniciativa inclui projetos dos setores p\u00fablico e privado, como a obra para a constru\u00e7\u00e3o do t\u00fanel bypass (passagem) com a transposi\u00e7\u00e3o de \u00e1gua da Bacia do Rio Para\u00edba do Sul para o Rio Guandu. A interven\u00e7\u00e3o \u00e9 realizada pela Light para ampliar a seguran\u00e7a na gera\u00e7\u00e3o de energia el\u00e9trica distribu\u00edda a 31 munic\u00edpios da Regi\u00e3o Metropolitana.<\/p>\n\n\n\n<p>Licenciada pelo Inea (Instituto Estadual do Ambiente), a obra do t\u00fanel da Light vai interligar os reservat\u00f3rios de Vig\u00e1rio, no alto da Serra das Araras, e Ponte Coberta, em Pira\u00ed. O t\u00fanel ter\u00e1 comprimento de 3,8km, di\u00e2metro m\u00e1ximo de 5,8m e um desn\u00edvel de 310m entre os reservat\u00f3rios. Hoje, as \u00e1guas do Rio Para\u00edba do Sul passam pelas usinas da Light e s\u00e3o utilizadas para produzir eletricidade. O novo sistema ter\u00e1 capacidade equivalente ao atual e fornecer\u00e1 uma vaz\u00e3o de 120 m\u00b3\/s, suficiente para encher 120 caixas d &#8216;\u00e1gua de 1 mil litros a cada segundo.<\/p>\n\n\n\n<p>O sistema funcionar\u00e1 em paralelo ao atual circuito h\u00eddrico e ser\u00e1, tamb\u00e9m, uma alternativa de abastecimento para a Esta\u00e7\u00e3o de Tratamento de \u00c1gua (ETA) do Guandu, onde a Cedae capta e trata a maior parte da \u00e1gua consumida na Regi\u00e3o Metropolitana do Rio.<\/p>\n\n\n\n<p>&#8211; Estruturas do porte das usinas hidrel\u00e9tricas da Light na Serra das Araras requerem manuten\u00e7\u00e3o constante e, muitas vezes, precisam ser paralisadas para verifica\u00e7\u00e3o integral das condi\u00e7\u00f5es de opera\u00e7\u00e3o. O t\u00fanel ser\u00e1 uma importante ferramenta para que a Light continue a prestar o servi\u00e7o de gera\u00e7\u00e3o de energia el\u00e9trica de forma cont\u00ednua e segura &#8211; explicou o presidente da Light, Raimundo Nonato Alencar de Castro.<\/p>\n\n\n\n<p><strong>Aux\u00edlio para planejamento dos investimentos<br><\/strong><br>Atrav\u00e9s do Programa de Seguran\u00e7a H\u00eddrica, o Governo do Estado vai oferecer aux\u00edlio para o planejamento dos investimentos e das a\u00e7\u00f5es, identificando poss\u00edveis fontes de financiamento. O planejamento tem previs\u00e3o de a\u00e7\u00f5es para os pr\u00f3ximos 22 anos. Al\u00e9m disso, um grupo t\u00e9cnico interinstitucional permanente vai acompanhar a seguran\u00e7a h\u00eddrica da regi\u00e3o do Guandu. A equipe vai discutir e propor a\u00e7\u00f5es preventivas e mitigadoras em rela\u00e7\u00e3o \u00e0 qualidade de \u00e1gua.<\/p>\n\n\n\n<p>&#8211; Hoje, h\u00e1 uma vulnerabilidade dos sistemas h\u00eddricos em decorr\u00eancia das mudan\u00e7as clim\u00e1ticas. \u00c9 preciso ainda conter a polui\u00e7\u00e3o dos rios que chegam na tomada d&#8217;\u00e1gua da ETA Guandu, que abastece cerca de 10 milh\u00f5es de pessoas da Regi\u00e3o Metropolitana. Al\u00e9m disso, esse programa tem papel \u00edmpar no estado, pois tem uma vis\u00e3o de desenvolvimento, j\u00e1 que garante a todas as frentes que querem investir no estado que n\u00e3o faltar\u00e3o recursos h\u00eddricos &#8211; afirmou o secret\u00e1rio do Ambiente, Thiago Pampolha.<\/p>\n","protected":false},"excerpt":{"rendered":"<p>A iniciativa inclui projetos dos setores p\u00fablico e privado, como a obra para a constru\u00e7\u00e3o<\/p>\n","protected":false},"author":2,"featured_media":10797,"comment_status":"open","ping_status":"open","sticky":false,"template":"","format":"standard","meta":{"footnotes":""},"categories":[17],"tags":[],"class_list":["post-10795","post","type-post","status-publish","format-standard","has-post-thumbnail","hentry","category-outras-noticias"],"_links":{"self":[{"href":"https:\/\/tvc16.com\/portal\/wp-json\/wp\/v2\/posts\/10795","targetHints":{"allow":["GET"]}}],"collection":[{"href":"https:\/\/tvc16.com\/portal\/wp-json\/wp\/v2\/posts"}],"about":[{"href":"https:\/\/tvc16.com\/portal\/wp-json\/wp\/v2\/types\/post"}],"author":[{"embeddable":true,"href":"https:\/\/tvc16.com\/portal\/wp-json\/wp\/v2\/users\/2"}],"replies":[{"embeddable":true,"href":"https:\/\/tvc16.com\/portal\/wp-json\/wp\/v2\/comments?post=10795"}],"version-history":[{"count":1,"href":"https:\/\/tvc16.com\/portal\/wp-json\/wp\/v2\/posts\/10795\/revisions"}],"predecessor-version":[{"id":10798,"href":"https:\/\/tvc16.com\/portal\/wp-json\/wp\/v2\/posts\/10795\/revisions\/10798"}],"wp:featuredmedia":[{"embeddable":true,"href":"https:\/\/tvc16.com\/portal\/wp-json\/wp\/v2\/media\/10797"}],"wp:attachment":[{"href":"https:\/\/tvc16.com\/portal\/wp-json\/wp\/v2\/media?parent=10795"}],"wp:term":[{"taxonomy":"category","embeddable":true,"href":"https:\/\/tvc16.com\/portal\/wp-json\/wp\/v2\/categories?post=10795"},{"taxonomy":"post_tag","embeddable":true,"href":"https:\/\/tvc16.com\/portal\/wp-json\/wp\/v2\/tags?post=10795"}],"curies":[{"name":"wp","href":"https:\/\/api.w.org\/{rel}","templated":true}]}}