{"id":10802,"date":"2021-02-26T23:51:01","date_gmt":"2021-02-27T02:51:01","guid":{"rendered":"https:\/\/tvc16.com\/portal\/?p=10802"},"modified":"2021-02-26T23:51:04","modified_gmt":"2021-02-27T02:51:04","slug":"ano-letivo-da-rede-municipal-de-nova-iguacu-comeca-na-proxima-segunda-feira-1-somente-com-aulas-remotas-cartao-alimentacao-tera-novas-recargas","status":"publish","type":"post","link":"https:\/\/tvc16.com\/portal\/2021\/02\/26\/ano-letivo-da-rede-municipal-de-nova-iguacu-comeca-na-proxima-segunda-feira-1-somente-com-aulas-remotas-cartao-alimentacao-tera-novas-recargas\/","title":{"rendered":"Ano letivo da rede municipal de Nova Igua\u00e7u come\u00e7a na pr\u00f3xima segunda-feira (1) somente com aulas remotas. Cart\u00e3o-alimenta\u00e7\u00e3o ter\u00e1 novas recargas"},"content":{"rendered":"\n<p>A Secretaria Municipal de Educa\u00e7\u00e3o de Nova Igua\u00e7u (SEMED) inicia, na pr\u00f3xima segunda-feira (1\u00ba), as aulas do ano letivo de 2021. Neste primeiro momento, as atividades ser\u00e3o somente remotas, com entrega de apostilas nas escolas e acompanhamento \u00e0 dist\u00e2ncia, a exemplo do ocorrido ao longo de praticamente todo o ano de 2020, em fun\u00e7\u00e3o da pandemia da Covid-19. A Prefeitura de Nova Igua\u00e7u ainda n\u00e3o definiu data para a retomada das aulas presenciais.<\/p>\n\n\n\n<p>Enquanto isso n\u00e3o acontece, os mais de 65 mil alunos da rede &#8211; da Educa\u00e7\u00e3o Infantil \u00e0 Educa\u00e7\u00e3o de Jovens e Adultos (EJA) &#8211; receber\u00e3o apostilas mensais com atividades e exerc\u00edcios que dever\u00e3o ser resolvidos em casa e devolvidos \u00e0s escolas para que sejam corrigidos pelos professores. Al\u00e9m do material impresso, os estudantes poder\u00e3o acessar o conte\u00fado desenvolvido pela SEMED via internet. Eles tamb\u00e9m receber\u00e3o kits com livros do Fundo Nacional de Desenvolvimento da Educa\u00e7\u00e3o (FNDE).<\/p>\n\n\n\n<p>Quando as aulas presenciais retornarem, os estudantes, professores e demais profissionais que trabalham nas escolas ter\u00e3o um ambiente mais confort\u00e1vel e seguro. Mais de tr\u00eas mil ventiladores est\u00e3o sendo instalados nas 141&nbsp;&nbsp;escolas e creches&nbsp;da rede municipal. Cada uma delas ter\u00e1 tamb\u00e9m um bebedouro de torneira para que n\u00e3o haja contato da boca dos usu\u00e1rios com o equipamento. Al\u00e9m disso, cada estudante receber\u00e1 um squeeze e m\u00e1scaras de prote\u00e7\u00e3o.<\/p>\n\n\n\n<p>\u201cNossos alunos s\u00f3 voltar\u00e3o a ter aulas presenciais quando houver vacina\u00e7\u00e3o para todos, o que garantir\u00e1 a seguran\u00e7a deles, de suas fam\u00edlias e dos profissionais de educa\u00e7\u00e3o\u201d, afirma o prefeito&nbsp;Rogerio&nbsp;Lisboa. \u201cSabemos dos problemas causados pela pandemia em nossos alunos, que est\u00e3o sem frequentar as escolas desde 16 de mar\u00e7o do ano passado, mas o importante \u00e9 a preserva\u00e7\u00e3o e a valoriza\u00e7\u00e3o das vidas\u201d.<\/p>\n\n\n\n<p>O aux\u00edlio alimenta\u00e7\u00e3o dado pela Prefeitura de Nova Igua\u00e7u _ que durante o ano letivo de 2020 foi um dos munic\u00edpios que mais distribuiu este tipo de ajuda e que foi realizada em oito etapas _, retorna agora com o in\u00edcio das aulas para cada uma das fam\u00edlias dos cerca de 65 mil alunos da rede. Os cart\u00f5es-alimenta\u00e7\u00e3o, no valor de&nbsp;R$ 70,&nbsp;ter\u00e3o duas recargas em mar\u00e7o. A primeira ser\u00e1 dia 12 e a outra no fim do m\u00eas.<\/p>\n","protected":false},"excerpt":{"rendered":"<p>A Secretaria Municipal de Educa\u00e7\u00e3o de Nova Igua\u00e7u (SEMED) inicia, na pr\u00f3xima segunda-feira (1\u00ba), as<\/p>\n","protected":false},"author":2,"featured_media":10804,"comment_status":"open","ping_status":"open","sticky":false,"template":"","format":"standard","meta":{"footnotes":""},"categories":[17],"tags":[],"class_list":["post-10802","post","type-post","status-publish","format-standard","has-post-thumbnail","hentry","category-outras-noticias"],"_links":{"self":[{"href":"https:\/\/tvc16.com\/portal\/wp-json\/wp\/v2\/posts\/10802","targetHints":{"allow":["GET"]}}],"collection":[{"href":"https:\/\/tvc16.com\/portal\/wp-json\/wp\/v2\/posts"}],"about":[{"href":"https:\/\/tvc16.com\/portal\/wp-json\/wp\/v2\/types\/post"}],"author":[{"embeddable":true,"href":"https:\/\/tvc16.com\/portal\/wp-json\/wp\/v2\/users\/2"}],"replies":[{"embeddable":true,"href":"https:\/\/tvc16.com\/portal\/wp-json\/wp\/v2\/comments?post=10802"}],"version-history":[{"count":1,"href":"https:\/\/tvc16.com\/portal\/wp-json\/wp\/v2\/posts\/10802\/revisions"}],"predecessor-version":[{"id":10805,"href":"https:\/\/tvc16.com\/portal\/wp-json\/wp\/v2\/posts\/10802\/revisions\/10805"}],"wp:featuredmedia":[{"embeddable":true,"href":"https:\/\/tvc16.com\/portal\/wp-json\/wp\/v2\/media\/10804"}],"wp:attachment":[{"href":"https:\/\/tvc16.com\/portal\/wp-json\/wp\/v2\/media?parent=10802"}],"wp:term":[{"taxonomy":"category","embeddable":true,"href":"https:\/\/tvc16.com\/portal\/wp-json\/wp\/v2\/categories?post=10802"},{"taxonomy":"post_tag","embeddable":true,"href":"https:\/\/tvc16.com\/portal\/wp-json\/wp\/v2\/tags?post=10802"}],"curies":[{"name":"wp","href":"https:\/\/api.w.org\/{rel}","templated":true}]}}