{"id":10806,"date":"2021-02-27T00:04:58","date_gmt":"2021-02-27T03:04:58","guid":{"rendered":"https:\/\/tvc16.com\/portal\/?p=10806"},"modified":"2021-02-27T00:12:02","modified_gmt":"2021-02-27T03:12:02","slug":"utilizacao-de-drones-como-ferramenta-de-monitoramento-em-seguranca-transito-e-defesa-civil-e-tema-de-encontro-em-itaipava","status":"publish","type":"post","link":"https:\/\/tvc16.com\/portal\/2021\/02\/27\/utilizacao-de-drones-como-ferramenta-de-monitoramento-em-seguranca-transito-e-defesa-civil-e-tema-de-encontro-em-itaipava\/","title":{"rendered":"Utiliza\u00e7\u00e3o de drones como ferramenta de monitoramento em seguran\u00e7a, tr\u00e2nsito e Defesa Civil \u00e9  tema de encontro em Itaipava"},"content":{"rendered":"\n<p>Numa iniciativa da Comiss\u00e3o de Seguran\u00e7a P\u00fablica, Servi\u00e7os P\u00fablicos e Defesa do Consumidor, presidida pelo vereador Octavio Sampaio (PSC), foi realizado na tarde desta sexta-feira (26) um encontro na Secretaria de Seguran\u00e7a e Ordem P\u00fablica (SSOP), em Itaipava, voltado para a utiliza\u00e7\u00e3o de drones como ferramenta de monitoramento em seguran\u00e7a p\u00fablica, tr\u00e2nsito e defesa civil.<\/p>\n\n\n\n<figure class=\"wp-block-image size-large\"><img loading=\"lazy\" decoding=\"async\" width=\"1024\" height=\"556\" src=\"https:\/\/tvc16.com\/portal\/wp-content\/uploads\/2021\/02\/REUNIAO-NA-SSOP-1-1024x556.jpeg\" alt=\"\" class=\"wp-image-10813\" srcset=\"https:\/\/tvc16.com\/portal\/wp-content\/uploads\/2021\/02\/REUNIAO-NA-SSOP-1-1024x556.jpeg 1024w, https:\/\/tvc16.com\/portal\/wp-content\/uploads\/2021\/02\/REUNIAO-NA-SSOP-1-300x163.jpeg 300w, https:\/\/tvc16.com\/portal\/wp-content\/uploads\/2021\/02\/REUNIAO-NA-SSOP-1-768x417.jpeg 768w, https:\/\/tvc16.com\/portal\/wp-content\/uploads\/2021\/02\/REUNIAO-NA-SSOP-1.jpeg 1280w\" sizes=\"auto, (max-width: 1024px) 100vw, 1024px\" \/><\/figure>\n\n\n\n<p>Na ocasi\u00e3o, foi proferida uma palestra pelo Coronel Aviador R1, Jorge Vargas, Instrutor de Lideran\u00e7a de Esquadrilha de Ca\u00e7a e respons\u00e1vel pela elabora\u00e7\u00e3o de grande parte da regulamenta\u00e7\u00e3o brasileira no que tange ao uso de drones e seu acesso ao espa\u00e7o a\u00e9reo brasileiro<\/p>\n","protected":false},"excerpt":{"rendered":"<p>Numa iniciativa da Comiss\u00e3o de Seguran\u00e7a P\u00fablica, Servi\u00e7os P\u00fablicos e Defesa do Consumidor, presidida pelo<\/p>\n","protected":false},"author":2,"featured_media":10812,"comment_status":"open","ping_status":"open","sticky":false,"template":"","format":"standard","meta":{"footnotes":""},"categories":[12],"tags":[],"class_list":["post-10806","post","type-post","status-publish","format-standard","has-post-thumbnail","hentry","category-cidade"],"_links":{"self":[{"href":"https:\/\/tvc16.com\/portal\/wp-json\/wp\/v2\/posts\/10806","targetHints":{"allow":["GET"]}}],"collection":[{"href":"https:\/\/tvc16.com\/portal\/wp-json\/wp\/v2\/posts"}],"about":[{"href":"https:\/\/tvc16.com\/portal\/wp-json\/wp\/v2\/types\/post"}],"author":[{"embeddable":true,"href":"https:\/\/tvc16.com\/portal\/wp-json\/wp\/v2\/users\/2"}],"replies":[{"embeddable":true,"href":"https:\/\/tvc16.com\/portal\/wp-json\/wp\/v2\/comments?post=10806"}],"version-history":[{"count":2,"href":"https:\/\/tvc16.com\/portal\/wp-json\/wp\/v2\/posts\/10806\/revisions"}],"predecessor-version":[{"id":10814,"href":"https:\/\/tvc16.com\/portal\/wp-json\/wp\/v2\/posts\/10806\/revisions\/10814"}],"wp:featuredmedia":[{"embeddable":true,"href":"https:\/\/tvc16.com\/portal\/wp-json\/wp\/v2\/media\/10812"}],"wp:attachment":[{"href":"https:\/\/tvc16.com\/portal\/wp-json\/wp\/v2\/media?parent=10806"}],"wp:term":[{"taxonomy":"category","embeddable":true,"href":"https:\/\/tvc16.com\/portal\/wp-json\/wp\/v2\/categories?post=10806"},{"taxonomy":"post_tag","embeddable":true,"href":"https:\/\/tvc16.com\/portal\/wp-json\/wp\/v2\/tags?post=10806"}],"curies":[{"name":"wp","href":"https:\/\/api.w.org\/{rel}","templated":true}]}}