{"id":10809,"date":"2021-02-27T00:08:45","date_gmt":"2021-02-27T03:08:45","guid":{"rendered":"https:\/\/tvc16.com\/portal\/?p=10809"},"modified":"2021-02-27T00:08:47","modified_gmt":"2021-02-27T03:08:47","slug":"meninos-de-belford-roxo-defensoria-volta-a-pedir-comunicacao-ampla-sobre-desaparecimento","status":"publish","type":"post","link":"https:\/\/tvc16.com\/portal\/2021\/02\/27\/meninos-de-belford-roxo-defensoria-volta-a-pedir-comunicacao-ampla-sobre-desaparecimento\/","title":{"rendered":"Meninos de Belford Roxo: Defensoria volta a pedir comunica\u00e7\u00e3o ampla sobre desaparecimento"},"content":{"rendered":"\n<p><\/p>\n\n\n\n<p>Integrantes do N\u00facleo de Direitos Humanos (Nudedh) da Defensoria P\u00fablica do Rio participaram hoje de uma reuni\u00e3o entre familiares dos meninos desaparecidos em Belford Roxo e o delegado Uriel Alc\u00e2ntara, da Delegacia de Homic\u00eddios da Baixada Fluminense (DHBF). Amanh\u00e3 faz dois meses que Fernando Henrique (11), Alexandre (10) e Lucas Mateus (8)&nbsp; sumiram, ap\u00f3s sa\u00edrem de casa para jogar bola. Na reuni\u00e3o, a Defensoria voltou a pedir comunica\u00e7\u00e3o aos portos, aeroportos, rodovi\u00e1rias e Pol\u00edcia Rodovi\u00e1ria Federal para atender \u00e0 determina\u00e7\u00e3o da pol\u00edtica nacional de busca de pessoas desaparecidas, j\u00e1 que n\u00e3o se descarta que as crian\u00e7as possam ter sa\u00eddo do estado.&nbsp;<\/p>\n\n\n\n<p><br>Tamb\u00e9m estiveram presentes na reuni\u00e3o representantes da Comiss\u00e3o de Direitos Humanos da OAB Belford Roxo e da Superintend\u00eancia de Pessoas Desaparecidas do Governo do Estado. As fam\u00edlias tiveram a oportunidade de conversar com o delegado para se informar sobre as \u00faltimas dilig\u00eancias realizadas e relatar novas informa\u00e7\u00f5es a que tiveram acesso. A DHBF continua diligenciando no caso, e est\u00e1 realizando hoje buscas com c\u00e3es do Corpo de Bombeiros. Tamb\u00e9m foram feitas outras buscas durante a semana, mas sem \u00eaxito em localizar vest\u00edgios ou novas pistas<\/p>\n","protected":false},"excerpt":{"rendered":"<p>Integrantes do N\u00facleo de Direitos Humanos (Nudedh) da Defensoria P\u00fablica do Rio participaram hoje de<\/p>\n","protected":false},"author":2,"featured_media":10810,"comment_status":"open","ping_status":"open","sticky":false,"template":"","format":"standard","meta":{"footnotes":""},"categories":[17],"tags":[],"class_list":["post-10809","post","type-post","status-publish","format-standard","has-post-thumbnail","hentry","category-outras-noticias"],"_links":{"self":[{"href":"https:\/\/tvc16.com\/portal\/wp-json\/wp\/v2\/posts\/10809","targetHints":{"allow":["GET"]}}],"collection":[{"href":"https:\/\/tvc16.com\/portal\/wp-json\/wp\/v2\/posts"}],"about":[{"href":"https:\/\/tvc16.com\/portal\/wp-json\/wp\/v2\/types\/post"}],"author":[{"embeddable":true,"href":"https:\/\/tvc16.com\/portal\/wp-json\/wp\/v2\/users\/2"}],"replies":[{"embeddable":true,"href":"https:\/\/tvc16.com\/portal\/wp-json\/wp\/v2\/comments?post=10809"}],"version-history":[{"count":1,"href":"https:\/\/tvc16.com\/portal\/wp-json\/wp\/v2\/posts\/10809\/revisions"}],"predecessor-version":[{"id":10811,"href":"https:\/\/tvc16.com\/portal\/wp-json\/wp\/v2\/posts\/10809\/revisions\/10811"}],"wp:featuredmedia":[{"embeddable":true,"href":"https:\/\/tvc16.com\/portal\/wp-json\/wp\/v2\/media\/10810"}],"wp:attachment":[{"href":"https:\/\/tvc16.com\/portal\/wp-json\/wp\/v2\/media?parent=10809"}],"wp:term":[{"taxonomy":"category","embeddable":true,"href":"https:\/\/tvc16.com\/portal\/wp-json\/wp\/v2\/categories?post=10809"},{"taxonomy":"post_tag","embeddable":true,"href":"https:\/\/tvc16.com\/portal\/wp-json\/wp\/v2\/tags?post=10809"}],"curies":[{"name":"wp","href":"https:\/\/api.w.org\/{rel}","templated":true}]}}