{"id":10822,"date":"2021-02-27T16:03:22","date_gmt":"2021-02-27T19:03:22","guid":{"rendered":"https:\/\/tvc16.com\/portal\/?p=10822"},"modified":"2021-02-27T16:04:57","modified_gmt":"2021-02-27T19:04:57","slug":"na-proxima-quinta-feira-4-petropolis-abre-discussao-sobre-a-operacao-do-dnit-na-br-040","status":"publish","type":"post","link":"https:\/\/tvc16.com\/portal\/2021\/02\/27\/na-proxima-quinta-feira-4-petropolis-abre-discussao-sobre-a-operacao-do-dnit-na-br-040\/","title":{"rendered":"Na pr\u00f3xima quinta-feira (4), Petr\u00f3polis abre discuss\u00e3o sobre a opera\u00e7\u00e3o do DNIT, na BR-040"},"content":{"rendered":"\n<p>Petr\u00f3polis vai sediar na pr\u00f3xima quinta-feira, dia 4, uma reuni\u00e3o com prefeitos da regi\u00e3o e representantes do Departamento Nacional de Infraestrutura de Transporte (DNIT) para discutir a opera\u00e7\u00e3o do departamento na BR-040, com o fim do contrato da Concession\u00e1ria Rio-Juiz de Fora (Concer). O encontro foi proposto pelo prefeito Hingo Hammes, que esteve na quinta-feira (25), em Bras\u00edlia, com o diretor geral do DNIT, general Ant\u00f4nio Leite dos Santos Filho. A reuni\u00e3o tamb\u00e9m teve a participa\u00e7\u00e3o do deputado federal Vin\u00edcius Farah.<\/p>\n\n\n\n<p>O encontro em Petr\u00f3polis ser\u00e1 realizado mesmo com a discuss\u00e3o jur\u00eddica que envolve o caso \u2013 na quinta-feira, a Concer obteve duas liminares favor\u00e1veis e adiou a suspens\u00e3o das atividades, previstas inicialmente para este domingo (28). Isso porque h\u00e1 necessidade de defini\u00e7\u00e3o de pontos espec\u00edficos da opera\u00e7\u00e3o do trecho de 180 quil\u00f4metros da BR-040, atualmente sob responsabilidade da concession\u00e1ria. Os deputados federais Hugo Leal e Vin\u00edcius Farah j\u00e1 confirmaram presen\u00e7a.<\/p>\n\n\n\n<p>\u201cA concession\u00e1ria obteve liminar, mas a discuss\u00e3o jur\u00eddica continua e o DNIT pode, a qualquer momento, assumir a administra\u00e7\u00e3o da estrada. Precisamos esclarecer todas as d\u00favidas sobre esta opera\u00e7\u00e3o\u201d, disse ele, lembrando que o departamento deve detalhar o planejamento para manuten\u00e7\u00e3o da rodovia, seguran\u00e7a e atendimento a v\u00edtimas de acidentes, entre outros servi\u00e7os. \u201cHouve mobiliza\u00e7\u00e3o da bancada de deputados para garantir recursos para o custeio de muitos servi\u00e7os, mas precisamos entender o planejamento da opera\u00e7\u00e3o a partir do momento em que a Concer deixar a administra\u00e7\u00e3o da rodovia. Precisamos saber como tudo vai funcionar, na pr\u00e1tica\u201d, frisou o prefeito interino.<\/p>\n\n\n\n<p>O deputado federal Vin\u00edcius Farah lembrou que o cronograma do Governo Federal aponta que uma nova empresa deve estar operando a estrada no in\u00edcio do segundo semestre de 2022. \u201c\u00c9 importante perceber que este processo para a realiza\u00e7\u00e3o de uma nova licita\u00e7\u00e3o vai mudar todo o sistema. \u00c9 uma licita\u00e7\u00e3o com um novo modelo, novos servi\u00e7os e custo mais baixo \u00e0 popula\u00e7\u00e3o\u201d, lembrou, afirmando que haver\u00e1 ganho na qualidade com pre\u00e7o mais justo.<\/p>\n\n\n\n<p>Em conversa com o prefeito interino Hingo Hammes, o deputado Hugo Leal frisou a import\u00e2ncia de uma a\u00e7\u00e3o conjunta de todos. \u201cPrecisamos estar juntos para, primeiro, retirar a Concer em definitivo da administra\u00e7\u00e3o da estrada, e segundo, para, em colabora\u00e7\u00e3o com os munic\u00edpios por onde passa a BR-040, auxiliar a para que os servi\u00e7os sejam mantidos pelo DNIT. Tamb\u00e9m precisamos auxiliar o Governo Federal na modelagem do novo processo licitat\u00f3rio\u201d, frisou.<\/p>\n\n\n\n<p>Hammes frisou a necessidade de agilidade em todo o processo, de forma a garantir a retomada das obras da nova subida da serra, e citou preocupa\u00e7\u00e3o com as fam\u00edlias desalojadas em fun\u00e7\u00e3o do surgimento de uma cratera no Contorno, em 2017. \u201cA informa\u00e7\u00e3o que recebemos \u00e9 que a Concer tem que continuar amparando as fam\u00edlias. A Procuradoria Geral do Munic\u00edpio est\u00e1 acompanhando esta quest\u00e3o, a fim de garantir que toda a assist\u00eancia seja mantida\u201d, afirmou. \u201cS\u00e3o muitas as quest\u00f5es que envolvem a Concer e estamos com olhar atento sobre cada uma delas. O que n\u00e3o podemos mais admitir \u00e9 que os petropolitanos continuem pagando por um ped\u00e1gio caro sem receber, de volta, os devidos servi\u00e7os\u201d, afirmou.<\/p>\n\n\n\n<p>O prefeito lembrou, ainda, a necessidade de mobiliza\u00e7\u00e3o de representantes de todos os munic\u00edpios cortados pela estrada para garantir agilidade na realiza\u00e7\u00e3o de nova licita\u00e7\u00e3o. \u201cVamos trabalhar para que este novo modelo de concess\u00e3o atenda os anseios da popula\u00e7\u00e3o. Petr\u00f3polis sente, h\u00e1 anos, os impactos negativos dos problemas nesta estrada. N\u00e3o podemos mais esperar. Temos que trabalhar para ver a BR-040 pronta, atendendo plenamente as necessidades dos usu\u00e1rios da rodovia\u201d, finalizou.<\/p>\n","protected":false},"excerpt":{"rendered":"<p>Petr\u00f3polis vai sediar na pr\u00f3xima quinta-feira, dia 4, uma reuni\u00e3o com prefeitos da regi\u00e3o e<\/p>\n","protected":false},"author":2,"featured_media":10826,"comment_status":"open","ping_status":"open","sticky":false,"template":"","format":"standard","meta":{"footnotes":""},"categories":[12],"tags":[],"class_list":["post-10822","post","type-post","status-publish","format-standard","has-post-thumbnail","hentry","category-cidade"],"_links":{"self":[{"href":"https:\/\/tvc16.com\/portal\/wp-json\/wp\/v2\/posts\/10822","targetHints":{"allow":["GET"]}}],"collection":[{"href":"https:\/\/tvc16.com\/portal\/wp-json\/wp\/v2\/posts"}],"about":[{"href":"https:\/\/tvc16.com\/portal\/wp-json\/wp\/v2\/types\/post"}],"author":[{"embeddable":true,"href":"https:\/\/tvc16.com\/portal\/wp-json\/wp\/v2\/users\/2"}],"replies":[{"embeddable":true,"href":"https:\/\/tvc16.com\/portal\/wp-json\/wp\/v2\/comments?post=10822"}],"version-history":[{"count":1,"href":"https:\/\/tvc16.com\/portal\/wp-json\/wp\/v2\/posts\/10822\/revisions"}],"predecessor-version":[{"id":10825,"href":"https:\/\/tvc16.com\/portal\/wp-json\/wp\/v2\/posts\/10822\/revisions\/10825"}],"wp:featuredmedia":[{"embeddable":true,"href":"https:\/\/tvc16.com\/portal\/wp-json\/wp\/v2\/media\/10826"}],"wp:attachment":[{"href":"https:\/\/tvc16.com\/portal\/wp-json\/wp\/v2\/media?parent=10822"}],"wp:term":[{"taxonomy":"category","embeddable":true,"href":"https:\/\/tvc16.com\/portal\/wp-json\/wp\/v2\/categories?post=10822"},{"taxonomy":"post_tag","embeddable":true,"href":"https:\/\/tvc16.com\/portal\/wp-json\/wp\/v2\/tags?post=10822"}],"curies":[{"name":"wp","href":"https:\/\/api.w.org\/{rel}","templated":true}]}}