{"id":10833,"date":"2021-02-27T16:31:45","date_gmt":"2021-02-27T19:31:45","guid":{"rendered":"https:\/\/tvc16.com\/portal\/?p=10833"},"modified":"2021-02-27T16:31:47","modified_gmt":"2021-02-27T19:31:47","slug":"museu-imperial-apresenta-programacao-especial-para-marco-com-reabertura-do-palacio-e-atividades-virtuais","status":"publish","type":"post","link":"https:\/\/tvc16.com\/portal\/2021\/02\/27\/museu-imperial-apresenta-programacao-especial-para-marco-com-reabertura-do-palacio-e-atividades-virtuais\/","title":{"rendered":"Museu Imperial apresenta programa\u00e7\u00e3o especial para mar\u00e7o com reabertura do Pal\u00e1cio e atividades virtuais"},"content":{"rendered":"\n<p>H\u00e1 um ano, a visita\u00e7\u00e3o ao Complexo Museu Imperial foi suspensa. <br>Os jardins, a loja, a cafeteria e o Pavilh\u00e3o das Viaturas reabriram ao p\u00fablico neste m\u00eas<br>de fevereiro. Para seguran\u00e7a dos visitantes e funcion\u00e1rios, ao entrar no Complexo \u00e9<br>preciso passar por uma barreira sanit\u00e1ria, com aferi\u00e7\u00e3o de temperatura. O uso de<br>m\u00e1scara \u00e9 obrigat\u00f3rio. Totens de \u00e1lcool em gel podem ser encontrados em diversos<br>espa\u00e7os, que s\u00e3o diariamente higienizados. \u00c9 permitida a entrada de 150 visitantes<br>simultaneamente. Os banheiros est\u00e3o abertos, por\u00e9m os bebedouros permanecem<br>fechados.<br>A ala esquerda do Pal\u00e1cio Imperial de Petr\u00f3polis estar\u00e1 dispon\u00edvel para visita\u00e7\u00e3o a<br>partir do pr\u00f3ximo dia 16 de mar\u00e7o, anivers\u00e1rio da cidade. Em breve, ser\u00e3o divulgados<br>os protocolos para visita\u00e7\u00e3o ao Pal\u00e1cio.<br><\/p>\n\n\n\n<p>ATIVIDADES VIRTUAIS<\/p>\n\n\n\n<p>As a\u00e7\u00f5es on-line realizadas pelo Museu Imperial ao longo de 2020 somaram mais de 1<br>milh\u00e3o de visualiza\u00e7\u00f5es. Em 2021, a programa\u00e7\u00e3o virtual continua. A partir de mar\u00e7o, o<br>MIMP promove diversas atividades em suas p\u00e1ginas na internet.<br>\u201cUsos esquecidos, objetos preservados\u201d \u2013 segundas-feiras e quartas-feiras, \u00e0s 10h.<\/p>\n\n\n\n<p>No dia 1\u00ba de mar\u00e7o, estreia a segunda temporada do projeto<br>\u201cUsos esquecidos, objetos preservados\u201d, produzido pelos N\u00facleos de Acervo Museol\u00f3gico e Comunica\u00e7\u00e3o. A primeira temporada, publicada em novembro de 2020, atingiu mais de 150 mil visualiza\u00e7\u00f5es. A s\u00e9rie aborda itens<br>curiosos do acervo do Museu Imperial.<br>A cada segunda-feira \u00e9 proposto um novo desafio aos seguidores da institui\u00e7\u00e3o, trazendo a pergunta: \u201cVoc\u00ea sabe que objeto \u00e9 este?\u201d. As respostas v\u00eam \u00e0s quartas-feiras, acompanhadas de v\u00eddeos com a participa\u00e7\u00e3o da muse\u00f3loga Ana Lu\u00edsa Camargo. A veicula\u00e7\u00e3o dos conte\u00fados acontece \u00e0s 10h, nas redes sociais e no site do MIMP.<br>Ser\u00e3o apresentados cinco objetos nesta temporada. A novidade, \u00e9 que al\u00e9m de mostrar curiosidades, os v\u00eddeos trar\u00e3o informa\u00e7\u00f5es t\u00e9cnicas da museologia.<\/p>\n","protected":false},"excerpt":{"rendered":"<p>H\u00e1 um ano, a visita\u00e7\u00e3o ao Complexo Museu Imperial foi suspensa. Os jardins, a loja,<\/p>\n","protected":false},"author":2,"featured_media":10834,"comment_status":"open","ping_status":"open","sticky":false,"template":"","format":"standard","meta":{"footnotes":""},"categories":[12],"tags":[],"class_list":["post-10833","post","type-post","status-publish","format-standard","has-post-thumbnail","hentry","category-cidade"],"_links":{"self":[{"href":"https:\/\/tvc16.com\/portal\/wp-json\/wp\/v2\/posts\/10833","targetHints":{"allow":["GET"]}}],"collection":[{"href":"https:\/\/tvc16.com\/portal\/wp-json\/wp\/v2\/posts"}],"about":[{"href":"https:\/\/tvc16.com\/portal\/wp-json\/wp\/v2\/types\/post"}],"author":[{"embeddable":true,"href":"https:\/\/tvc16.com\/portal\/wp-json\/wp\/v2\/users\/2"}],"replies":[{"embeddable":true,"href":"https:\/\/tvc16.com\/portal\/wp-json\/wp\/v2\/comments?post=10833"}],"version-history":[{"count":1,"href":"https:\/\/tvc16.com\/portal\/wp-json\/wp\/v2\/posts\/10833\/revisions"}],"predecessor-version":[{"id":10835,"href":"https:\/\/tvc16.com\/portal\/wp-json\/wp\/v2\/posts\/10833\/revisions\/10835"}],"wp:featuredmedia":[{"embeddable":true,"href":"https:\/\/tvc16.com\/portal\/wp-json\/wp\/v2\/media\/10834"}],"wp:attachment":[{"href":"https:\/\/tvc16.com\/portal\/wp-json\/wp\/v2\/media?parent=10833"}],"wp:term":[{"taxonomy":"category","embeddable":true,"href":"https:\/\/tvc16.com\/portal\/wp-json\/wp\/v2\/categories?post=10833"},{"taxonomy":"post_tag","embeddable":true,"href":"https:\/\/tvc16.com\/portal\/wp-json\/wp\/v2\/tags?post=10833"}],"curies":[{"name":"wp","href":"https:\/\/api.w.org\/{rel}","templated":true}]}}