{"id":10840,"date":"2021-02-27T16:38:35","date_gmt":"2021-02-27T19:38:35","guid":{"rendered":"https:\/\/tvc16.com\/portal\/?p=10840"},"modified":"2021-02-27T16:38:37","modified_gmt":"2021-02-27T19:38:37","slug":"19a-edicao-do-mapa-de-risco-da-covid-19-mostra-que-a-situacao-da-pandemia-se-encontra-em-baixo-risco-amarelo-em-sete-regioes-do-estado-do-rio-de-janeiro","status":"publish","type":"post","link":"https:\/\/tvc16.com\/portal\/2021\/02\/27\/19a-edicao-do-mapa-de-risco-da-covid-19-mostra-que-a-situacao-da-pandemia-se-encontra-em-baixo-risco-amarelo-em-sete-regioes-do-estado-do-rio-de-janeiro\/","title":{"rendered":"19\u00aa edi\u00e7\u00e3o do Mapa de Risco da Covid-19 mostra que a situa\u00e7\u00e3o da pandemia se encontra em baixo risco (amarelo) em sete regi\u00f5es do Estado do Rio de Janeiro"},"content":{"rendered":"\n<p><br>Ba\u00eda da Ilha Grande, M\u00e9dio Para\u00edba, Metropolitana I, Metropolitana II, Serrana, Baixada Litor\u00e2nea e Norte. A Regi\u00e3o Noroeste evoluiu da bandeira laranja para vermelha (risco alto), no \u00faltimo per\u00edodo. A Centro-Sul permanece em bandeira laranja (moderado). No geral, o Estado do Rio se mant\u00e9m em bandeira amarela. A an\u00e1lise compara a semana epidemiol\u00f3gica 06 (de 7 a 13 de fevereiro) com a 04 (de 24 a 30 de janeiro) de 2021.<\/p>\n\n\n\n<p>Cada bandeira representa um n\u00edvel de risco e um conjunto de recomenda\u00e7\u00f5es de isolamento social, que variam entre as cores roxa (risco muito alto), vermelha (risco alto), laranja (risco moderado), amarela (risco baixo) e verde (risco muito baixo).<\/p>\n\n\n\n<p>O Rio de Janeiro apresentou uma redu\u00e7\u00e3o do n\u00famero de \u00f3bitos (-40%) e de casos de interna\u00e7\u00f5es por s\u00edndrome respirat\u00f3ria aguda grave (-31%) na compara\u00e7\u00e3o do per\u00edodo analisado. As taxas de ocupa\u00e7\u00e3o de leitos no estado se mantiveram baixas. Nesta sexta-feira (26.02), esse \u00edndice est\u00e1 em 62,1% para leitos de UTI e em 42,5% para leitos de enfermaria. Os resultados dos indicadores devem auxiliar na tomada de decis\u00e3o dos gestores p\u00fablicos, al\u00e9m de informar a necessidade de ado\u00e7\u00e3o de medidas restritivas, conforme o n\u00edvel de risco de cada regi\u00e3o.<\/p>\n\n\n\n<p><strong>Enfrentamento \u00e0 Covid-19<\/strong>&nbsp;\u2013 A Secretaria de Estado de Sa\u00fade (SES) informa que, at\u00e9 o momento, recebeu do Minist\u00e9rio da Sa\u00fade (MS) 1.355.120 doses da vacina contra a Covid-19, sendo 974.120 da CoronavaVac e 381 mil da Oxford\/AstraZeneca. Com a opera\u00e7\u00e3o realizada na \u00faltima quinta-feira (25.02), o total distribu\u00eddo \u00e9 1.232.390 doses.<\/p>\n\n\n\n<p><strong>Balan\u00e7o vacina\u00e7\u00e3o<\/strong>&nbsp;&#8211; A Secretaria de Estado de Sa\u00fade (SES) informa que, at\u00e9 as 9h desta sexta-feira (26.02), 92 munic\u00edpios registraram 457.108 pessoas imunizadas com a 1\u00aa dose contra a Covid-19. Destas, 112.886 j\u00e1 receberam a 2\u00aa dose. O balan\u00e7o foi realizado por meio de busca ativa, a partir da ger\u00eancia de Imuniza\u00e7\u00e3o da Vigil\u00e2ncia Epidemiol\u00f3gica da Subsecretaria de Vigil\u00e2ncia em Sa\u00fade, junto \u00e0s coordena\u00e7\u00f5es\/ger\u00eancias de imuniza\u00e7\u00e3o dos 92 munic\u00edpios do estado. O balan\u00e7o \u00e9 atualizado diariamente e pode ser acompanhado pelo Portal Covid (<a rel=\"noreferrer noopener\" target=\"_blank\" href=\"https:\/\/vacinacaocovid19.saude.rj.gov.br\/vacinometro\">https:\/\/vacinacaocovid19.saude.rj.gov.br\/vacinometro<\/a>).<\/p>\n","protected":false},"excerpt":{"rendered":"<p>Ba\u00eda da Ilha Grande, M\u00e9dio Para\u00edba, Metropolitana I, Metropolitana II, Serrana, Baixada Litor\u00e2nea e Norte.<\/p>\n","protected":false},"author":2,"featured_media":10841,"comment_status":"open","ping_status":"open","sticky":false,"template":"","format":"standard","meta":{"footnotes":""},"categories":[17],"tags":[],"class_list":["post-10840","post","type-post","status-publish","format-standard","has-post-thumbnail","hentry","category-outras-noticias"],"_links":{"self":[{"href":"https:\/\/tvc16.com\/portal\/wp-json\/wp\/v2\/posts\/10840","targetHints":{"allow":["GET"]}}],"collection":[{"href":"https:\/\/tvc16.com\/portal\/wp-json\/wp\/v2\/posts"}],"about":[{"href":"https:\/\/tvc16.com\/portal\/wp-json\/wp\/v2\/types\/post"}],"author":[{"embeddable":true,"href":"https:\/\/tvc16.com\/portal\/wp-json\/wp\/v2\/users\/2"}],"replies":[{"embeddable":true,"href":"https:\/\/tvc16.com\/portal\/wp-json\/wp\/v2\/comments?post=10840"}],"version-history":[{"count":1,"href":"https:\/\/tvc16.com\/portal\/wp-json\/wp\/v2\/posts\/10840\/revisions"}],"predecessor-version":[{"id":10842,"href":"https:\/\/tvc16.com\/portal\/wp-json\/wp\/v2\/posts\/10840\/revisions\/10842"}],"wp:featuredmedia":[{"embeddable":true,"href":"https:\/\/tvc16.com\/portal\/wp-json\/wp\/v2\/media\/10841"}],"wp:attachment":[{"href":"https:\/\/tvc16.com\/portal\/wp-json\/wp\/v2\/media?parent=10840"}],"wp:term":[{"taxonomy":"category","embeddable":true,"href":"https:\/\/tvc16.com\/portal\/wp-json\/wp\/v2\/categories?post=10840"},{"taxonomy":"post_tag","embeddable":true,"href":"https:\/\/tvc16.com\/portal\/wp-json\/wp\/v2\/tags?post=10840"}],"curies":[{"name":"wp","href":"https:\/\/api.w.org\/{rel}","templated":true}]}}