{"id":10843,"date":"2021-02-27T16:44:08","date_gmt":"2021-02-27T19:44:08","guid":{"rendered":"https:\/\/tvc16.com\/portal\/?p=10843"},"modified":"2021-02-27T16:44:10","modified_gmt":"2021-02-27T19:44:10","slug":"nova-iguacu-inicia-vacinacao-de-idosos-de-79-e-78-anos-na-proxima-semana","status":"publish","type":"post","link":"https:\/\/tvc16.com\/portal\/2021\/02\/27\/nova-iguacu-inicia-vacinacao-de-idosos-de-79-e-78-anos-na-proxima-semana\/","title":{"rendered":"Nova Igua\u00e7u inicia vacina\u00e7\u00e3o de idosos de 79 e 78 anos na pr\u00f3xima semana"},"content":{"rendered":"\n<p><em><em>Para evitar filas nos locais de vacina\u00e7\u00e3o, Munic\u00edpio tamb\u00e9m ir\u00e1 abrir mais um Drive Thru para atender a popula\u00e7\u00e3o a partir de segunda-feira (01)<\/em><\/em><\/p>\n\n\n\n<p><br>A partir da pr\u00f3xima segunda-feira (01), a Secretaria Municipal de Sa\u00fade de Nova Igua\u00e7u ir\u00e1 come\u00e7ar a vacina\u00e7\u00e3o dos idosos com 78 e 79 anos, dando continuidade a primeira fase de imuniza\u00e7\u00e3o da Cidade. Os locais de vacina\u00e7\u00e3o estar\u00e3o dispon\u00edveis para os idosos de 79 anos na segunda (01) e na ter\u00e7a-feira (02), enquanto na quarta (03) e na quinta (04) ser\u00e1 a vez dos idosos de 78 anos se imunizarem. <\/p>\n\n\n\n<p>A mudan\u00e7a n\u00e3o est\u00e1 apenas no calend\u00e1rio, tamb\u00e9m ser\u00e1 acrescentado mais um ponto de vacina\u00e7\u00e3o Drive Thru na cidade, dessa vez no Shopping Nova Igua\u00e7u. Sendo assim, a cidade passa a ter 15 locais dispon\u00edveis para atender todo o p\u00fablico-alvo, tanto de primeira quanto de segunda dose. A amplia\u00e7\u00e3o prev\u00ea evitar a forma\u00e7\u00e3o de filas e aglomera\u00e7\u00f5es nestes locais, garantindo assim o cumprimento das recomenda\u00e7\u00f5es do Minist\u00e9rio da Sa\u00fade.<\/p>\n\n\n\n<p>Neste s\u00e1bado (27), haver\u00e1 repescagem para os idosos de 80 a 84 anos que n\u00e3o se vacinaram ainda. Os postos selecionados funcionar\u00e3o at\u00e9 \u00e1s 13h. Estar\u00e3o abertos apenas o Drive Thru do Centro Ol\u00edmpico da cidade, o Espa\u00e7o Municipal da Terceira Idade de Nova Igua\u00e7u (ESMUTI) e as Cl\u00ednicas da Fam\u00edlia do Para\u00edso, Vila de Cava, Miguel Couto, Austin, Odiceia de Morais e Em\u00edlia Gomes.<\/p>\n\n\n\n<p>J\u00e1 de segunda a sexta-feira, a vacina\u00e7\u00e3o acontece das 8h30 \u00e0s 16h. Quem for se vacinar dever\u00e1 apresentar carteira de identidade, comprovante de resid\u00eancia, CPF e cart\u00e3o SUS.<\/p>\n\n\n\n<p>Al\u00e9m do grupo, tamb\u00e9m ser\u00e1 aplicada a segunda dose em profissionais de sa\u00fade da linha de frente que se vacinaram entre 20 de janeiro e 19 de fevereiro; profissionais de sa\u00fade com mais de 60 anos imunizados entre 1\u00ba de fevereiro e 12 de fevereiro e tamb\u00e9m idosos maiores de 90 anos vacinados entre 1\u00ba de fevereiro e 19 de fevereiro. \u00c9 importante ressaltar que apenas aqueles que tomaram Coronavac ir\u00e3o tomar a segunda dose neste momento, visto que o intervalo entre a primeira e segunda dose \u00e9 de 14 a 28 dias. Quem tiver ultrapassado este prazo, tamb\u00e9m poder\u00e1 comparecer para garantir a completa imuniza\u00e7\u00e3o.<\/p>\n\n\n\n<p>At\u00e9 esta quinta-feira (25), foram vacinados 5.694 profissionais de sa\u00fade com a primeira dose e 5.125 com a segunda; 526 idosos acima de 60 anos residentes em institui\u00e7\u00f5es de Longa Perman\u00eancia com a primeira dose e 497 com a segunda; 207 profissionais de sa\u00fade acima de 60 anos com a primeira dose e 9 com a segunda; 8.913 idosos acima de 81 anos com a primeira &nbsp;dose e 203 com a segunda; 99 maiores de 18 anos com defici\u00eancia inclusiva com a primeira dose e 97 com a segunda.&nbsp; Sendo assim, foram aplicadas 21.370 doses, sendo 15.439 de primeiras doses e 5.931 de segunda.<\/p>\n\n\n\n<p>Confira os endere\u00e7os dos locais de vacina\u00e7\u00e3o:<\/p>\n\n\n\n<p>DRIVE THRU \u2013 CENTRO OL\u00cdMPICO DE NOVA IGUA\u00c7U<br>Avenida Governador Roberto da Silveira, 1725, Centro.<br>Refer\u00eancia: Pr\u00f3ximo ao Viaduto da Posse.<\/p>\n\n\n\n<p>DRIVE THRU \u2013 SHOPPING NOVA IGUA\u00c7U<br>Av. Ab\u00edlio Augusto T\u00e1vora, 1111 \u2013 Bairro da Luz<\/p>\n\n\n\n<p>ESPA\u00c7O MUNICIPAL DA TERCEIRA IDADE DE NOVA IGUA\u00c7U (ESMUTI)<br>Avenida Lu\u00eds de Matos, 736 \u2013 Bairro da Luz.<\/p>\n\n\n\n<p>CL\u00cdNICA DA FAM\u00cdLIA JARDIM PARAISO<br>Rua Ing\u00e1 s\/n\u00ba &#8211; Jardim Para\u00edso<br>Refer\u00eancia: UPA 24 Horas Arquiteta Patr\u00edcia Marinho<\/p>\n\n\n\n<p>CL\u00cdNICA DA FAM\u00cdLIA DE VILA DE CAVA<br>Rua \u00c1lvaro Gon\u00e7alves, 103 \u2013 Vila de Cava<br>Refer\u00eancia: UPA 24 Horas Gisele Palhares Gouv\u00eaa<\/p>\n\n\n\n<p>POLICL\u00cdNICA DE MIGUEL COUTO<br>Rua Digomar Sim\u00f5es e Souza, 50 \u2013 Miguel Couto<br>Refer\u00eancia: UPA 24 Horas Carlinhos da Tingu\u00e1 \u2013 Miguel Couto<\/p>\n\n\n\n<p>CL\u00cdNICA DA FAM\u00cdLIA DE AUSTIN<br>Rua Coronel Monteiro de Barros, 783 \u2013 Austin<br>Refer\u00eancia: UPS 24 Horas Dr. Moacyr de Carvalho \u2013 Austin<\/p>\n\n\n\n<p>CLINICA DA FAMILIA ODICEIA MORAIS<br>Rua Bol\u00edvia, s\/n\u00ba &#8211; Centro<\/p>\n\n\n\n<p>CLINICA DA FAMILIA EMILIA GOMES<br>Rua dos Quart\u00e9is, 221 \u2013 Comendador Soares<br>Refer\u00eancia: UPA 24 Horas Comendador Soares \u2013 Comendador Soares<\/p>\n\n\n\n<p>CL\u00cdNICA DA FAM\u00cdLIA DOM BOSCO<br>Avenida Ab\u00edlio Augusto T\u00e1vora s\/n\u00b0 &#8211; Bairro Dom Bosco<br><br>CL\u00cdNICA DA FAM\u00cdLIA &nbsp;VILA OPER\u00c1RIA<br>Rua Nair Dias, 880 \u2013 Vila Oper\u00e1ria.<\/p>\n\n\n\n<p>UNIDADE DE SA\u00daDE DA FAM\u00cdLIA RANCHO FUNDO<br>Rua das Rosas, 100 \u2013 Rancho Fundo<\/p>\n\n\n\n<p>CL\u00cdNICA DA FAM\u00cdLIA MARFEL<br>Rua \u00c1urea Ramos Borges, &nbsp;110 \u2013 Palhada<\/p>\n\n\n\n<p>CL\u00cdNICA DA FAM\u00cdLIA DO CAI\u00c7ARA<br>Rua Oiticica, s\/n\u00b0 &#8211; Carmari<\/p>\n\n\n\n<p>CL\u00cdNICA DA FAM\u00cdLIA DO AMBAI<br>Avenida Henrique Duque Estrada, 3.357 \u2013 Ambai<\/p>\n","protected":false},"excerpt":{"rendered":"<p>Para evitar filas nos locais de vacina\u00e7\u00e3o, Munic\u00edpio tamb\u00e9m ir\u00e1 abrir mais um Drive Thru<\/p>\n","protected":false},"author":2,"featured_media":10844,"comment_status":"open","ping_status":"open","sticky":false,"template":"","format":"standard","meta":{"footnotes":""},"categories":[17],"tags":[],"class_list":["post-10843","post","type-post","status-publish","format-standard","has-post-thumbnail","hentry","category-outras-noticias"],"_links":{"self":[{"href":"https:\/\/tvc16.com\/portal\/wp-json\/wp\/v2\/posts\/10843","targetHints":{"allow":["GET"]}}],"collection":[{"href":"https:\/\/tvc16.com\/portal\/wp-json\/wp\/v2\/posts"}],"about":[{"href":"https:\/\/tvc16.com\/portal\/wp-json\/wp\/v2\/types\/post"}],"author":[{"embeddable":true,"href":"https:\/\/tvc16.com\/portal\/wp-json\/wp\/v2\/users\/2"}],"replies":[{"embeddable":true,"href":"https:\/\/tvc16.com\/portal\/wp-json\/wp\/v2\/comments?post=10843"}],"version-history":[{"count":1,"href":"https:\/\/tvc16.com\/portal\/wp-json\/wp\/v2\/posts\/10843\/revisions"}],"predecessor-version":[{"id":10845,"href":"https:\/\/tvc16.com\/portal\/wp-json\/wp\/v2\/posts\/10843\/revisions\/10845"}],"wp:featuredmedia":[{"embeddable":true,"href":"https:\/\/tvc16.com\/portal\/wp-json\/wp\/v2\/media\/10844"}],"wp:attachment":[{"href":"https:\/\/tvc16.com\/portal\/wp-json\/wp\/v2\/media?parent=10843"}],"wp:term":[{"taxonomy":"category","embeddable":true,"href":"https:\/\/tvc16.com\/portal\/wp-json\/wp\/v2\/categories?post=10843"},{"taxonomy":"post_tag","embeddable":true,"href":"https:\/\/tvc16.com\/portal\/wp-json\/wp\/v2\/tags?post=10843"}],"curies":[{"name":"wp","href":"https:\/\/api.w.org\/{rel}","templated":true}]}}