{"id":10846,"date":"2021-02-27T16:50:38","date_gmt":"2021-02-27T19:50:38","guid":{"rendered":"https:\/\/tvc16.com\/portal\/?p=10846"},"modified":"2021-02-27T16:51:35","modified_gmt":"2021-02-27T19:51:35","slug":"na-proxima-terca-feira-02-a-secretaria-de-saude-inicia-a-vacinacao-de-profissionais-de-saude-com-mais-de-60-anos-e-com-menos-de-60-anos-que-tem-comorbidades","status":"publish","type":"post","link":"https:\/\/tvc16.com\/portal\/2021\/02\/27\/na-proxima-terca-feira-02-a-secretaria-de-saude-inicia-a-vacinacao-de-profissionais-de-saude-com-mais-de-60-anos-e-com-menos-de-60-anos-que-tem-comorbidades\/","title":{"rendered":"Na pr\u00f3xima ter\u00e7a-feira (02), a Secretaria de Sa\u00fade inicia a vacina\u00e7\u00e3o de profissionais de sa\u00fade com mais de 60 anos e com menos de 60 anos que tem comorbidades"},"content":{"rendered":"\n<p>A prefeitura segue ampliando a campanha de vacina\u00e7\u00e3o contra a Covid-19 na Cidade.  O cadastro para a vacina\u00e7\u00e3o deste p\u00fablico foi aberto neste s\u00e1bado (27) e deve ser feito no site da prefeitura (www.petropolis.rj.gov.br). Para se cadastrar, o interessado deve clicar no banner \u201cVacina\u00e7\u00e3o\u201d, que est\u00e1 em destaque no site da prefeitura, e em seguida escolher a op\u00e7\u00e3o \u201cCadastramento Profissionais de Sa\u00fade\u201d. Da\u00ed em diante, basta seguir o passo a passo, informando os dados pessoais. Profissionais de Sa\u00fade com comorbidades dever\u00e3o informar no momento do cadastro o tipo de comorbidade e apresentar, no dia da vacina\u00e7\u00e3o, laudo m\u00e9dico ou documento que comprove a doen\u00e7a. A Secretaria de Sa\u00fade ir\u00e1 disponibilizar, por dia, 200 vagas para vacina\u00e7\u00e3o deste p\u00fablico.<br>\u201cCom isso daremos mais um passo dentro da campanha de vacina\u00e7\u00e3o contra a Covid-19. Temos adotado todas as medidas para agilizar a vacina\u00e7\u00e3o dos petropolitanos, mas \u00e9 preciso que tenhamos mais vacinas. Todos os esfor\u00e7os est\u00e3o sendo feitos neste sentido junto \u00e0 Secretaria de Estado de Sa\u00fade e ao Minist\u00e9rio da Sa\u00fade\u201c, afirma o prefeito interino Hingo Hammes, lembrando que o envio de mais doses para Petr\u00f3polis esteve na pauta de reuni\u00f5es em Bras\u00edlia esta semana.<br>A vacina\u00e7\u00e3o dos profissionais de Sa\u00fade com mais de 60 anos e com comorbidades come\u00e7a nesta ter\u00e7a (02\/3) no Hospital Nelson de S\u00e1 Earp, no Bingen. O ponto de vacina\u00e7\u00e3o ir\u00e1 funcionar de segunda a sexta-feira das 9h as 16h. Profissionais de sa\u00fade dever\u00e3o apresentar, no dia da vacina\u00e7\u00e3o, carteira do Conselho de Classe. Aqueles que t\u00eam menos de 60 anos, com comorbidades, dever\u00e3o portar laudo m\u00e9dico que comprove o tipo de doen\u00e7a apontada no cadastro.<br>\u201cSeguimos ampliando a vacina\u00e7\u00e3o dentro da primeira fase da campanha, de acordo com a disponibilidade de vacinas que chegam \u00e0 cidade. Estamos com a vacina\u00e7\u00e3o em andamento para aqueles que tem entre 85 e 89 anos, assim como pacientes acamados com mais de 60 anos. Continuaremos ampliando a vacina\u00e7\u00e3o para idosos e para os demais p\u00fablicos, de acordo com a disponibilidade de vacinas \u201c, assinala o secret\u00e1rio de Sa\u00fade, Aloisio Barbosa da Silva Filho.<br>Secretaria amplia prazo para cadastro de acamados<br>A Secretaria de Sa\u00fade est\u00e1 ampliando at\u00e9 a pr\u00f3xima sexta-feira (05\/3) o cadastro para a vacina\u00e7\u00e3o de pacientes acamados com mais de 60 anos. O cadastro deve ser feito no site da prefeitura (www.petropolis.rj.gov.br). At\u00e9 o in\u00edcio da tarde deste s\u00e1bado (27\/2) 1.665 pacientes acamados j\u00e1 tinham sido cadastrados junto \u00e0 Secretaria de Sa\u00fade para receber a vacina contra a Covid-19.<br>Tamb\u00e9m continua aberto no site da prefeitura, o cadastro para a vacina\u00e7\u00e3o de idoso com idade entre 85 e 89 anos. At\u00e9 o in\u00edcio da tarde deste s\u00e1bado, 2.223 idosos nesta faixa et\u00e1ria j\u00e1 tinham sido cadastrados pelo munic\u00edpio. A vacina\u00e7\u00e3o, que teve in\u00edcio no dia 24 deste m\u00eas, est\u00e1 sendo realizada em quatro locais: postos de drive thru na UCP Benjamim Constant (Centro) e no Parque de Exposi\u00e7\u00f5es, em Itaipava; e nas Unidades B\u00e1sicas de Sa\u00fade do Quitandinha e do Itamarati. No momento do cadastro \u00e9 importante estar atento a data em que o agendamento foi feito.<br>Para facilitar o cadastramento de idosos que encontram dificuldades para lidar com a internet, a Secretaria de Sa\u00fade est\u00e1 disponibilizando tamb\u00e9m, a partir desta segunda-feira (1\u00ba\/3) dois telefones para que idosos que est\u00e3o na faixa de vacina\u00e7\u00e3o &#8211; pessoas a partir de 85 anos &#8211; possam solicitar, por telefone, o agendamento para a vacina\u00e7\u00e3o contra a Covid-19. Neste caso o idoso deve entrar em contato com a Secretaria de Sa\u00fade pelos telefones 2233-8850, 2233-8852. O atendimento estar\u00e1 dispon\u00edvel de segunda a sexta-feira das 9h \u00e0s 16h.<br>A Prefeitura mant\u00e9m ainda um canal de comunica\u00e7\u00e3o direto com a popula\u00e7\u00e3o, via whatsapp, para esclarecer d\u00favidas sobre a vacina\u00e7\u00e3o contra a Covid-19. Nestes casos, as mensagens devem ser enviadas para o n\u00famero (24) 99946-1161.<\/p>\n","protected":false},"excerpt":{"rendered":"<p>A prefeitura segue ampliando a campanha de vacina\u00e7\u00e3o contra a Covid-19 na Cidade. O cadastro<\/p>\n","protected":false},"author":2,"featured_media":10847,"comment_status":"open","ping_status":"open","sticky":false,"template":"","format":"standard","meta":{"footnotes":""},"categories":[12],"tags":[],"class_list":["post-10846","post","type-post","status-publish","format-standard","has-post-thumbnail","hentry","category-cidade"],"_links":{"self":[{"href":"https:\/\/tvc16.com\/portal\/wp-json\/wp\/v2\/posts\/10846","targetHints":{"allow":["GET"]}}],"collection":[{"href":"https:\/\/tvc16.com\/portal\/wp-json\/wp\/v2\/posts"}],"about":[{"href":"https:\/\/tvc16.com\/portal\/wp-json\/wp\/v2\/types\/post"}],"author":[{"embeddable":true,"href":"https:\/\/tvc16.com\/portal\/wp-json\/wp\/v2\/users\/2"}],"replies":[{"embeddable":true,"href":"https:\/\/tvc16.com\/portal\/wp-json\/wp\/v2\/comments?post=10846"}],"version-history":[{"count":1,"href":"https:\/\/tvc16.com\/portal\/wp-json\/wp\/v2\/posts\/10846\/revisions"}],"predecessor-version":[{"id":10848,"href":"https:\/\/tvc16.com\/portal\/wp-json\/wp\/v2\/posts\/10846\/revisions\/10848"}],"wp:featuredmedia":[{"embeddable":true,"href":"https:\/\/tvc16.com\/portal\/wp-json\/wp\/v2\/media\/10847"}],"wp:attachment":[{"href":"https:\/\/tvc16.com\/portal\/wp-json\/wp\/v2\/media?parent=10846"}],"wp:term":[{"taxonomy":"category","embeddable":true,"href":"https:\/\/tvc16.com\/portal\/wp-json\/wp\/v2\/categories?post=10846"},{"taxonomy":"post_tag","embeddable":true,"href":"https:\/\/tvc16.com\/portal\/wp-json\/wp\/v2\/tags?post=10846"}],"curies":[{"name":"wp","href":"https:\/\/api.w.org\/{rel}","templated":true}]}}