{"id":1085,"date":"2020-09-23T20:56:02","date_gmt":"2020-09-23T20:56:02","guid":{"rendered":"https:\/\/tvc16.com\/portal\/?p=1085"},"modified":"2020-09-23T20:56:02","modified_gmt":"2020-09-23T20:56:02","slug":"marcos-braz-testa-positivo-para-covid-19-e-casos-aumentam-no-flamengo","status":"publish","type":"post","link":"https:\/\/tvc16.com\/portal\/2020\/09\/23\/marcos-braz-testa-positivo-para-covid-19-e-casos-aumentam-no-flamengo\/","title":{"rendered":"Marcos Braz testa positivo para covid-19 e casos aumentam no Flamengo"},"content":{"rendered":"\n<p>Marcos Braz, vice-presidente de futebol do Flamengo, testou positivo para covid-19 e engrossou a lista de casos no clube. J\u00e1 s\u00e3o 10 ocorr\u00eancias desde a explos\u00e3o do surto. A informa\u00e7\u00e3o foi inicialmente veiculada pelo &#8220;Globo esporte&#8221;. O grupo voltou de Guyaquil (EQU) ap\u00f3s a vit\u00f3ria sobre o Barcelona e foi novamente testado. Todos aguardam os resultados da nova bateria de exames, mas o temor no Flamengo \u00e9 grande. Ante o cen\u00e1rio, o clube enviou um of\u00edcio \u00e0 Confedera\u00e7\u00e3o Brasileira de Futebol (CBF) pedindo o adiamento da partida contra o Palmeiras, marcada para domingo, pelo Campeonato Brasileiro, no Allianz Parque.<\/p>\n\n\n\n<p>O pleito ainda n\u00e3o foi respondido pela entidade. No documento, a c\u00fapula rubro-negra indica, al\u00e9m de um preju\u00edzo t\u00e9cnico diante do alto n\u00famero de desfalques, o risco tamb\u00e9m de novos casos nos pr\u00f3ximos dias, uma vez que a delega\u00e7\u00e3o esteve junta durante a passagem pelo Equador, local dos confrontos com o Independiente del Valle e Barcelona de Guayaquil, pela Libertadores. A CBF jamais adiou uma partida e h\u00e1 o entendimento de que h\u00e1 tempo para recupera\u00e7\u00e3o e o Flamengo tem elenco para superar o problema. A entidade n\u00e3o adiou nenhuma partida com circunst\u00e2ncias similares, mas o Rubro-negro decidiu encarar a empreitada mesmo assim. Ao todo, o Rubro-Negro soma 10 casos confirmados de coronav\u00edrus, sendo sete jogadores \u2014 Isla, Matheuzinho, Filipe Lu\u00eds, Diego, Bruno Henrique, Michael e Vitinho \u2014 e mais dois de integrantes do departamento, o m\u00e9dico M\u00e1rcio Tannure e o ex-zagueiro Juan, al\u00e9m de Braz.<\/p>\n\n\n\n<p>Leo Burl\u00e1<\/p>\n\n\n\n<p>Do UOL, no Rio de Janeiro<\/p>\n\n\n\n<p>23\/09\/2020 12h55<\/p>\n","protected":false},"excerpt":{"rendered":"<p>Marcos Braz, vice-presidente de futebol do Flamengo, testou positivo para covid-19 e engrossou a lista<\/p>\n","protected":false},"author":2,"featured_media":1086,"comment_status":"open","ping_status":"open","sticky":false,"template":"","format":"standard","meta":{"footnotes":""},"categories":[20],"tags":[],"class_list":["post-1085","post","type-post","status-publish","format-standard","has-post-thumbnail","hentry","category-esporte"],"_links":{"self":[{"href":"https:\/\/tvc16.com\/portal\/wp-json\/wp\/v2\/posts\/1085","targetHints":{"allow":["GET"]}}],"collection":[{"href":"https:\/\/tvc16.com\/portal\/wp-json\/wp\/v2\/posts"}],"about":[{"href":"https:\/\/tvc16.com\/portal\/wp-json\/wp\/v2\/types\/post"}],"author":[{"embeddable":true,"href":"https:\/\/tvc16.com\/portal\/wp-json\/wp\/v2\/users\/2"}],"replies":[{"embeddable":true,"href":"https:\/\/tvc16.com\/portal\/wp-json\/wp\/v2\/comments?post=1085"}],"version-history":[{"count":1,"href":"https:\/\/tvc16.com\/portal\/wp-json\/wp\/v2\/posts\/1085\/revisions"}],"predecessor-version":[{"id":1087,"href":"https:\/\/tvc16.com\/portal\/wp-json\/wp\/v2\/posts\/1085\/revisions\/1087"}],"wp:featuredmedia":[{"embeddable":true,"href":"https:\/\/tvc16.com\/portal\/wp-json\/wp\/v2\/media\/1086"}],"wp:attachment":[{"href":"https:\/\/tvc16.com\/portal\/wp-json\/wp\/v2\/media?parent=1085"}],"wp:term":[{"taxonomy":"category","embeddable":true,"href":"https:\/\/tvc16.com\/portal\/wp-json\/wp\/v2\/categories?post=1085"},{"taxonomy":"post_tag","embeddable":true,"href":"https:\/\/tvc16.com\/portal\/wp-json\/wp\/v2\/tags?post=1085"}],"curies":[{"name":"wp","href":"https:\/\/api.w.org\/{rel}","templated":true}]}}